{"id":947,"date":"2026-04-27T14:42:33","date_gmt":"2026-04-27T17:42:33","guid":{"rendered":"https:\/\/pressroom.cqap.com.ar\/?p=947"},"modified":"2026-04-27T14:42:33","modified_gmt":"2026-04-27T17:42:33","slug":"juicios-laborales-en-alza-por-que-las-empresas-no-pierden-en-tribunales-sino-que-llegan-tarde","status":"publish","type":"post","link":"https:\/\/pressroom.cqap.com.ar\/index.php\/juicios-laborales-en-alza-por-que-las-empresas-no-pierden-en-tribunales-sino-que-llegan-tarde\/","title":{"rendered":"Juicios laborales en alza: por qu\u00e9 las empresas no pierden en tribunales, sino que llegan tarde"},"content":{"rendered":"\n<p>Dra. Karina Elizabeth D\u2019Angelo, abogada Especialista en Derecho Corporativo y Relaciones Laborales &#8211; CPACF T\u00b0 108 F\u00b0 481<\/p>\n\n\n\n<p>En un contexto de creciente conflictividad laboral y mayor judicializaci\u00f3n de los v\u00ednculos de trabajo, es habitual escuchar que una empresa \u201cperdi\u00f3 un juicio\u201d. Sin embargo, cuando se analiza en profundidad, la mayor\u00eda de los conflictos no se define en tribunales, sino mucho antes.<\/p>\n\n\n\n<p>La falta de documentaci\u00f3n, la informalidad en la gesti\u00f3n y la ausencia de registros suelen debilitar la posici\u00f3n del empleador mucho antes de que un conflicto llegue a la Justicia.<\/p>\n\n\n\n<p>Los problemas laborales no aparecen de un d\u00eda para el otro: se construyen con el tiempo. Incumplimientos que no se documentan, conductas que se toleran y decisiones que no se formalizan van debilitando la posici\u00f3n del empleador. Cuando el caso finalmente llega a instancia judicial, el punto cr\u00edtico no suele ser jur\u00eddico, sino probatorio.<\/p>\n\n\n\n<p>En ese escenario, la ausencia de un legajo completo y actualizado de cada trabajador se convierte en una de las principales debilidades. Lejos de ser una formalidad administrativa, el legajo es una herramienta estrat\u00e9gica que permite reconstruir de manera objetiva la historia del v\u00ednculo laboral.<\/p>\n\n\n\n<p>No alcanza con contar con los datos b\u00e1sicos o el alta en ARCA: lo que marca la diferencia es el historial. Apercibimientos, suspensiones, inasistencias, llegadas tarde y, especialmente, las notificaciones de cada uno de estos eventos debidamente firmadas por el trabajador. Porque en materia laboral hay una regla clara: lo que no est\u00e1 documentado, no existe desde el punto de vista probatorio.<\/p>\n\n\n\n<p>Entre los errores m\u00e1s frecuentes se encuentran la falta de constancias firmadas de las sanciones aplicadas, la tolerancia reiterada de incumplimientos sin sanci\u00f3n, la ausencia de notificaciones fehacientes y la desactualizaci\u00f3n de datos clave del trabajador, como su domicilio. Omisiones que, aunque parezcan menores en la gesti\u00f3n diaria, suelen ser determinantes en un proceso judicial.<\/p>\n\n\n\n<p>Muchas empresas, en su intento por evitar conflictos cotidianos, optan por no sancionar o manejar situaciones de manera informal. Sin embargo, la tolerancia sostenida puede interpretarse como una convalidaci\u00f3n de esas conductas, debilitando significativamente la posici\u00f3n del empleador frente a un reclamo. En este contexto, la carga de la prueba adquiere un rol central.<\/p>\n\n\n\n<p>El despido con causa, previsto en el art\u00edculo 242 de la Ley de Contrato de Trabajo (LCT), es una herramienta v\u00e1lida frente a una falta grave que impide la continuidad del v\u00ednculo laboral. No genera derecho a indemnizaci\u00f3n por antig\u00fcedad ni preaviso, pero para que sea efectivo la falta debe ser actual, proporcional y, sobre todo, comprobable. Adem\u00e1s, su aplicaci\u00f3n debe ser contempor\u00e1nea al hecho y estar debidamente notificada.<\/p>\n\n\n\n<p>Sin documentaci\u00f3n, no hay defensa posible.<\/p>\n\n\n\n<p>Por eso, m\u00e1s que una cuesti\u00f3n legal, se trata de gesti\u00f3n. La prevenci\u00f3n, el orden y la correcta administraci\u00f3n de legajos \u2014que reflejen toda la vida laboral del colaborador\u2014 no solo reducen la conflictividad, sino que tambi\u00e9n definen el resultado cuando el conflicto aparece. Contar con asesoramiento legal preventivo permite ordenar estos procesos antes de que escalen.<\/p>\n\n\n\n<p>En definitiva, en materia laboral, muchas veces no se pierde en tribunales: se pierde por no haber hecho las cosas a tiempo. El empleador tiene derechos; la diferencia est\u00e1 en conocerlos y ejercerlos.<\/p>\n\n\n\n<p><\/p>\n","protected":false},"excerpt":{"rendered":"<p>Dra. Karina Elizabeth D\u2019Angelo, abogada Especialista en Derecho Corporativo y Relaciones Laborales &#8211; CPACF T\u00b0 108 F\u00b0 481 En un contexto de creciente conflictividad laboral [&hellip;]<\/p>\n","protected":false},"author":21,"featured_media":948,"comment_status":"open","ping_status":"open","sticky":false,"template":"","format":"standard","meta":{"footnotes":""},"categories":[6],"tags":[276,413,414],"class_list":["post-947","post","type-post","status-publish","format-standard","has-post-thumbnail","hentry","category-empresas","tag-empresas","tag-juicios","tag-laborales"],"_links":{"self":[{"href":"https:\/\/pressroom.cqap.com.ar\/index.php\/wp-json\/wp\/v2\/posts\/947","targetHints":{"allow":["GET"]}}],"collection":[{"href":"https:\/\/pressroom.cqap.com.ar\/index.php\/wp-json\/wp\/v2\/posts"}],"about":[{"href":"https:\/\/pressroom.cqap.com.ar\/index.php\/wp-json\/wp\/v2\/types\/post"}],"author":[{"embeddable":true,"href":"https:\/\/pressroom.cqap.com.ar\/index.php\/wp-json\/wp\/v2\/users\/21"}],"replies":[{"embeddable":true,"href":"https:\/\/pressroom.cqap.com.ar\/index.php\/wp-json\/wp\/v2\/comments?post=947"}],"version-history":[{"count":1,"href":"https:\/\/pressroom.cqap.com.ar\/index.php\/wp-json\/wp\/v2\/posts\/947\/revisions"}],"predecessor-version":[{"id":949,"href":"https:\/\/pressroom.cqap.com.ar\/index.php\/wp-json\/wp\/v2\/posts\/947\/revisions\/949"}],"wp:featuredmedia":[{"embeddable":true,"href":"https:\/\/pressroom.cqap.com.ar\/index.php\/wp-json\/wp\/v2\/media\/948"}],"wp:attachment":[{"href":"https:\/\/pressroom.cqap.com.ar\/index.php\/wp-json\/wp\/v2\/media?parent=947"}],"wp:term":[{"taxonomy":"category","embeddable":true,"href":"https:\/\/pressroom.cqap.com.ar\/index.php\/wp-json\/wp\/v2\/categories?post=947"},{"taxonomy":"post_tag","embeddable":true,"href":"https:\/\/pressroom.cqap.com.ar\/index.php\/wp-json\/wp\/v2\/tags?post=947"}],"curies":[{"name":"wp","href":"https:\/\/api.w.org\/{rel}","templated":true}]}}