{"id":943,"date":"2026-04-27T13:47:47","date_gmt":"2026-04-27T16:47:47","guid":{"rendered":"https:\/\/pressroom.cqap.com.ar\/?p=943"},"modified":"2026-04-27T13:47:47","modified_gmt":"2026-04-27T16:47:47","slug":"nuevo-libro-el-proyecto-sos-vos-una-guia-practica-para-transformar-lo-que-sabes-en-accion","status":"publish","type":"post","link":"https:\/\/pressroom.cqap.com.ar\/index.php\/nuevo-libro-el-proyecto-sos-vos-una-guia-practica-para-transformar-lo-que-sabes-en-accion\/","title":{"rendered":"Nuevo libro:\u00a0El proyecto sos vos, una gu\u00eda pr\u00e1ctica para transformar lo que sab\u00e9s en acci\u00f3n"},"content":{"rendered":"\n<p><em>Osvaldo Gord\u00edn presenta<\/em>&nbsp;<em>El proyecto sos vos<\/em>,&nbsp;<em>un libro que propone una nueva categor\u00eda \u2014la autoacci\u00f3n\u2014 para transformar conocimiento en pr\u00e1ctica, sin gur\u00fas ni f\u00f3rmulas r\u00e1pidas.<\/em><\/p>\n\n\n\n<p>En un contexto donde el conocimiento est\u00e1 cada vez m\u00e1s accesible \u2014a un click, en m\u00faltiples formatos y plataformas\u2014 el verdadero desaf\u00edo ya no es saber m\u00e1s, sino hacer que eso impacte en la vida cotidiana. En ese cruce entre informaci\u00f3n y acci\u00f3n se inscribe&nbsp;<em>El proyecto sos vos. Nuevas estrategias para lograr cambios sostenidos<\/em>, el nuevo libro de Osvaldo Gord\u00edn.<\/p>\n\n\n\n<p>Lejos de los enfoques tradicionales, el libro propone una idea central: mejorar no implica convertirse en alguien distinto, sino avanzar desde quien uno ya es. Y ese avance \u2014aunque sea peque\u00f1o\u2014 es el que genera una sensaci\u00f3n real de bienestar.<\/p>\n\n\n\n<p><em>\u201cEl problema no es que no sepamos qu\u00e9 hacer. El problema es que no sostenemos lo que sabemos\u201d,<\/em>&nbsp;plantea Gord\u00edn, sintetizando el n\u00facleo de su propuesta.<\/p>\n\n\n\n<p>En ese sentido, el libro introduce el concepto de&nbsp;<strong>autoacci\u00f3n<\/strong>: una forma de pasar de la intenci\u00f3n a la pr\u00e1ctica, sin depender de motivaciones externas ni modelos ideales. No baja l\u00ednea ni propone cambios radicales. Acompa\u00f1a procesos posibles.<\/p>\n\n\n\n<p><strong>Del conocimiento a la experiencia<\/strong><\/p>\n\n\n\n<p>M\u00e1s que un libro tradicional,&nbsp;<em>El proyecto sos vos<\/em>&nbsp;se plantea como una experiencia. Est\u00e1 basado en&nbsp;<strong>DiMe (Dispositivo de Mejora)<\/strong>, una metodolog\u00eda desarrollada por Gord\u00edn a lo largo de m\u00e1s de 30 a\u00f1os acompa\u00f1ando a personas y equipos.<\/p>\n\n\n\n<p>La propuesta combina lectura, reflexi\u00f3n y acci\u00f3n concreta, con herramientas dise\u00f1adas para sostener en el tiempo aquello que muchas veces queda en intenci\u00f3n.<\/p>\n\n\n\n<p>Incluye:<\/p>\n\n\n\n<ul class=\"wp-block-list\">\n<li>Un plan de mejora de 30 d\u00edas, simple y aplicable<\/li>\n\n\n\n<li>Recursos para activar lo aprendido en el momento en que se necesita<\/li>\n\n\n\n<li>Una experiencia que involucra distintos niveles: leer, escuchar, percibir<\/li>\n<\/ul>\n\n\n\n<p>A lo largo del libro, aparecen conceptos propios desarrollados por el autor \u2014como \u201cla distancia \u00f3ptima\u201d, \u201cel efecto resorte\u201d o \u201cfreno y acelerador\u201d\u2014 que se despliegan en micro-historia breve, directo y cercano.<\/p>\n\n\n\n<p><strong>Calma activa: otra forma de avanzar<\/strong><\/p>\n\n\n\n<p>Uno de los ejes del libro es la idea de&nbsp;<strong>calma activa<\/strong>: avanzar sin apuro, pero con direcci\u00f3n. Una l\u00f3gica que se opone a la urgencia de resultados inmediatos y propone, en cambio, procesos sostenibles.<\/p>\n\n\n\n<p><em>\u201cNo empuja cambios. Activa mejoras<\/em>\u201d, resume el autor, en una s\u00edntesis que define el esp\u00edritu del libro.<\/p>\n\n\n\n<p><strong>Sobre el autor<\/strong><\/p>\n\n\n\n<p>Osvaldo Gord\u00edn es psic\u00f3logo social, m\u00e1ster en Programaci\u00f3n Neuroling\u00fc\u00edstica y consultor con m\u00e1s de 30 a\u00f1os de experiencia. A lo largo de su trayectoria, acompa\u00f1\u00f3 a personas y organizaciones a transformar ideas en acci\u00f3n, combinando herramientas del mundo profesional con una mirada sensible y creativa.<\/p>\n\n\n\n<p>Su formaci\u00f3n tambi\u00e9n incluye disciplinas art\u00edsticas y corporales, que atraviesan su enfoque y su manera de transmitir. Es autor de&nbsp;<em>Cuentos para explicar la empresa<\/em>,&nbsp;<em>Tu v\u00ednculo con el dinero<\/em>&nbsp;y&nbsp;<em>Axiona: experiencia de aprendizaje<\/em>.<\/p>\n\n\n\n<p>&nbsp;<strong>Ficha t\u00e9cnica<\/strong><br>T\u00edtulo:&nbsp;<em>El Proyecto Sos Vos<\/em><br>Autor: Osvaldo Gord\u00edn<br>P\u00e1ginas: 88<br>ISBN: 9786316589699<br>Disponibilidad:&nbsp;<a href=\"https:\/\/articulo.mercadolibre.com.ar\/MLA-3229439928-el-proyecto-sos-vos-de-osvaldo-gordin-tapa-blanda-_JM?matt_tool=89488245#origin=share&amp;sid=share&amp;action=copy\" target=\"_blank\" rel=\"noreferrer noopener\">Disponible en plataformas digitales<\/a><\/p>\n","protected":false},"excerpt":{"rendered":"<p>Osvaldo Gord\u00edn presenta&nbsp;El proyecto sos vos,&nbsp;un libro que propone una nueva categor\u00eda \u2014la autoacci\u00f3n\u2014 para transformar conocimiento en pr\u00e1ctica, sin gur\u00fas ni f\u00f3rmulas r\u00e1pidas. En [&hellip;]<\/p>\n","protected":false},"author":21,"featured_media":944,"comment_status":"open","ping_status":"open","sticky":false,"template":"","format":"standard","meta":{"footnotes":""},"categories":[5],"tags":[225,224,106,412],"class_list":["post-943","post","type-post","status-publish","format-standard","has-post-thumbnail","hentry","category-entretenimientos","tag-lanzamiento","tag-libro","tag-psico","tag-transformacion"],"_links":{"self":[{"href":"https:\/\/pressroom.cqap.com.ar\/index.php\/wp-json\/wp\/v2\/posts\/943","targetHints":{"allow":["GET"]}}],"collection":[{"href":"https:\/\/pressroom.cqap.com.ar\/index.php\/wp-json\/wp\/v2\/posts"}],"about":[{"href":"https:\/\/pressroom.cqap.com.ar\/index.php\/wp-json\/wp\/v2\/types\/post"}],"author":[{"embeddable":true,"href":"https:\/\/pressroom.cqap.com.ar\/index.php\/wp-json\/wp\/v2\/users\/21"}],"replies":[{"embeddable":true,"href":"https:\/\/pressroom.cqap.com.ar\/index.php\/wp-json\/wp\/v2\/comments?post=943"}],"version-history":[{"count":1,"href":"https:\/\/pressroom.cqap.com.ar\/index.php\/wp-json\/wp\/v2\/posts\/943\/revisions"}],"predecessor-version":[{"id":945,"href":"https:\/\/pressroom.cqap.com.ar\/index.php\/wp-json\/wp\/v2\/posts\/943\/revisions\/945"}],"wp:featuredmedia":[{"embeddable":true,"href":"https:\/\/pressroom.cqap.com.ar\/index.php\/wp-json\/wp\/v2\/media\/944"}],"wp:attachment":[{"href":"https:\/\/pressroom.cqap.com.ar\/index.php\/wp-json\/wp\/v2\/media?parent=943"}],"wp:term":[{"taxonomy":"category","embeddable":true,"href":"https:\/\/pressroom.cqap.com.ar\/index.php\/wp-json\/wp\/v2\/categories?post=943"},{"taxonomy":"post_tag","embeddable":true,"href":"https:\/\/pressroom.cqap.com.ar\/index.php\/wp-json\/wp\/v2\/tags?post=943"}],"curies":[{"name":"wp","href":"https:\/\/api.w.org\/{rel}","templated":true}]}}