{"id":874,"date":"2026-03-13T11:33:44","date_gmt":"2026-03-13T14:33:44","guid":{"rendered":"https:\/\/pressroom.cqap.com.ar\/?p=874"},"modified":"2026-03-13T11:33:44","modified_gmt":"2026-03-13T14:33:44","slug":"energia-y-ciberseguridad-cuando-la-estabilidad-esta-en-juego","status":"publish","type":"post","link":"https:\/\/pressroom.cqap.com.ar\/index.php\/energia-y-ciberseguridad-cuando-la-estabilidad-esta-en-juego\/","title":{"rendered":"Energ\u00eda y ciberseguridad: cuando la estabilidad est\u00e1 en juego"},"content":{"rendered":"\n<p>Hace pocos d\u00edas, en la sede de la Organizaci\u00f3n de los Estados Americanos (OEA) en Washington, compart\u00ed una advertencia que hoy es una realidad estructural: en el siglo XXI, la soberan\u00eda de una naci\u00f3n ya no se mide solo por sus fronteras f\u00edsicas, sino por su estabilidad digital.<\/p>\n\n\n\n<p>Durante a\u00f1os, la digitalizaci\u00f3n fue el sin\u00f3nimo elegante de la \u00abeficiencia operativa\u00bb. Pero ese enfoque ha quedado obsoleto. En el sector energ\u00e9tico, la digitalizaci\u00f3n ya no es una herramienta para ahorrar costos; es el sistema nervioso que sostiene la democracia y la paz social. Cuando la energ\u00eda falla, no se detiene solo la producci\u00f3n; se erosiona la confianza del ciudadano en sus instituciones.<\/p>\n\n\n\n<p>Hoy, una crisis energ\u00e9tica es m\u00e1s probable que comience en un c\u00f3digo malicioso que en una falla mec\u00e1nica. No es una hip\u00f3tesis: el <em>Global Risks Report 2026<\/em> ya ubica a los riesgos tecnol\u00f3gicos entre los de mayor impacto global. Lo vimos en \u00c1frica a fines del a\u00f1o pasado:<a href=\"https:\/\/es.weforum.org\/stories\/2025\/07\/como-los-cortes-de-internet-drenan-silenciosamente-la-economia-de-africa\/\"> lo que comenz\u00f3 como un corte de internet \u00abtemporal\u00bb termin\u00f3 en pymes paralizadas<\/a>, pagos bloqueados y millones de personas desconectadas de servicios b\u00e1sicos de salud. El mensaje de los tribunales en Senegal y Kenia fue contundente: la conectividad es un derecho, no una opci\u00f3n.<\/p>\n\n\n\n<p>Estamos invirtiendo millones en transici\u00f3n energ\u00e9tica y automatizaci\u00f3n, pero estamos cometiendo un error cr\u00edtico: modernizamos la tecnolog\u00eda sin redise\u00f1ar la arquitectura institucional que la sostiene.<\/p>\n\n\n\n<p>El 94% de los l\u00edderes globales admite que la Inteligencia Artificial est\u00e1 transformando la naturaleza del riesgo. Sin embargo, seguimos operando con marcos regulatorios fragmentados. En las Am\u00e9ricas, donde la energ\u00eda est\u00e1 interconectada, la vulnerabilidad de un vecino es, inevitablemente, la nuestra. La resiliencia energ\u00e9tica ha dejado de ser un asunto interno para convertirse en una variable regional estrat\u00e9gica.<\/p>\n\n\n\n<h3 class=\"wp-block-heading\"><strong>La IA y el \u00abA\u00f1o del Criterio\u00bb<\/strong><\/h3>\n\n\n\n<p>La Inteligencia Artificial es la gran paradoja de nuestra era. Por un lado, optimiza la red el\u00e9ctrica; por el otro, acelera la velocidad y escala del riesgo a niveles sin precedentes. Seg\u00fan el <a href=\"https:\/\/reports.weforum.org\/docs\/WEF_Global_Cybersecurity_Outlook_2026.pdf\"><em>Global Cybersecurity Outlook 2026<\/em>,<\/a> el 87% de los l\u00edderes percibe que las vulnerabilidades vinculadas a IA se han disparado en el \u00faltimo a\u00f1o.<\/p>\n\n\n\n<p>Ante esto, mi postura es clara: <strong>2026 debe ser el a\u00f1o del criterio.<\/strong> No se trata de frenar el progreso, sino de acompa\u00f1arlo con madurez estatal. Los pa\u00edses que generan confianza no son los que m\u00e1s tecnolog\u00eda compran, sino los que elevan la protecci\u00f3n de su infraestructura cr\u00edtica al m\u00e1ximo nivel pol\u00edtico y ensayan escenarios de crisis antes de que estos ocurran.<\/p>\n\n\n\n<p>Desde nuestra experiencia en Santex, hemos visto que la ciberseguridad no es un gasto en software; es una inversi\u00f3n en confianza institucional. Implementar arquitecturas como <em>Zero Trust<\/em> en organismos p\u00fablicos no solo cierra brechas t\u00e9cnicas, sino que fortalece el v\u00ednculo entre el Estado y el ciudadano.<\/p>\n\n\n\n<p>La infraestructura energ\u00e9tica es hoy un activo geopol\u00edtico de primer orden. Su estabilidad influye directamente en la inversi\u00f3n extranjera, el comercio y la reputaci\u00f3n internacional.<\/p>\n\n\n\n<p>Debemos recordar que la tecnolog\u00eda, por s\u00ed sola, no tiene aspiraciones; las aspiraciones son siempre humanas. No habr\u00e1 progreso digital que valga la pena si no es, en el fondo, un progreso que garantice la estabilidad y la dignidad de nuestras sociedades.<\/p>\n\n\n\n<p><em>Por Juan Santiago*<\/em>. <em>CEO y Founder de Santex<\/em><\/p>\n\n\n\n<p><em>(*) S\u00edntesis de su disertaci\u00f3n ante el Consejo Interamericano para el Desarrollo Integral (CIDI) sobre Resiliencia energ\u00e9tica e infraestructura cr\u00edtica de la Organizaci\u00f3n de Estados Americanos (OEA) el 25 de febrero de 2026<\/em><\/p>\n\n\n\n<p><\/p>\n","protected":false},"excerpt":{"rendered":"<p>Hace pocos d\u00edas, en la sede de la Organizaci\u00f3n de los Estados Americanos (OEA) en Washington, compart\u00ed una advertencia que hoy es una realidad estructural: [&hellip;]<\/p>\n","protected":false},"author":18,"featured_media":876,"comment_status":"open","ping_status":"open","sticky":false,"template":"","format":"standard","meta":{"footnotes":""},"categories":[6,25],"tags":[388,389,245,167],"class_list":["post-874","post","type-post","status-publish","format-standard","has-post-thumbnail","hentry","category-empresas","category-tecnologia","tag-ciberseguridad","tag-energia","tag-santex","tag-tecnologia-2"],"_links":{"self":[{"href":"https:\/\/pressroom.cqap.com.ar\/index.php\/wp-json\/wp\/v2\/posts\/874","targetHints":{"allow":["GET"]}}],"collection":[{"href":"https:\/\/pressroom.cqap.com.ar\/index.php\/wp-json\/wp\/v2\/posts"}],"about":[{"href":"https:\/\/pressroom.cqap.com.ar\/index.php\/wp-json\/wp\/v2\/types\/post"}],"author":[{"embeddable":true,"href":"https:\/\/pressroom.cqap.com.ar\/index.php\/wp-json\/wp\/v2\/users\/18"}],"replies":[{"embeddable":true,"href":"https:\/\/pressroom.cqap.com.ar\/index.php\/wp-json\/wp\/v2\/comments?post=874"}],"version-history":[{"count":1,"href":"https:\/\/pressroom.cqap.com.ar\/index.php\/wp-json\/wp\/v2\/posts\/874\/revisions"}],"predecessor-version":[{"id":877,"href":"https:\/\/pressroom.cqap.com.ar\/index.php\/wp-json\/wp\/v2\/posts\/874\/revisions\/877"}],"wp:featuredmedia":[{"embeddable":true,"href":"https:\/\/pressroom.cqap.com.ar\/index.php\/wp-json\/wp\/v2\/media\/876"}],"wp:attachment":[{"href":"https:\/\/pressroom.cqap.com.ar\/index.php\/wp-json\/wp\/v2\/media?parent=874"}],"wp:term":[{"taxonomy":"category","embeddable":true,"href":"https:\/\/pressroom.cqap.com.ar\/index.php\/wp-json\/wp\/v2\/categories?post=874"},{"taxonomy":"post_tag","embeddable":true,"href":"https:\/\/pressroom.cqap.com.ar\/index.php\/wp-json\/wp\/v2\/tags?post=874"}],"curies":[{"name":"wp","href":"https:\/\/api.w.org\/{rel}","templated":true}]}}