{"id":865,"date":"2026-03-06T17:52:59","date_gmt":"2026-03-06T20:52:59","guid":{"rendered":"https:\/\/pressroom.cqap.com.ar\/?p=865"},"modified":"2026-03-06T17:54:55","modified_gmt":"2026-03-06T20:54:55","slug":"la-patada-del-camello-llega-a-calle-corrientes-en-una-nueva-version-especialmente-adaptada-al-circuito-comercial","status":"publish","type":"post","link":"https:\/\/pressroom.cqap.com.ar\/index.php\/la-patada-del-camello-llega-a-calle-corrientes-en-una-nueva-version-especialmente-adaptada-al-circuito-comercial\/","title":{"rendered":"\u201cLa Patada del Camello\u201d llega a Calle Corrientes en una nueva versi\u00f3n especialmente adaptada al circuito comercial"},"content":{"rendered":"\n<p>Luego de haber sorprendido al p\u00fablico en el circuito independiente en 2019,\u00a0<strong>\u201cLa Patada del Camello\u201d<\/strong>\u00a0estrena con una versi\u00f3n renovada, especialmente concebida para su estreno en Calle Corrientes.<br>Con dramaturgia de\u00a0<em>Sof\u00eda Gonz\u00e1lez y Sandra Criolani<\/em>\u00a0y direcci\u00f3n de\u00a0<em>Ernesto Nesti Dominguez<\/em>, la obra propone una experiencia esc\u00e9nica \u00edntima y envolvente, donde la m\u00fasica original en vivo y una puesta minimalista construyen un universo sensible que captura al espectador desde el primer momento.<br>Esta nueva etapa profundiza el trabajo actoral, ampl\u00eda su propuesta est\u00e9tica y resignifica la historia en un formato pensado para el circuito comercial.<br><strong>Desde el 2 de abril y cada dos semanas, los jueves a las 20 hs. en el Teatro Premier<\/strong>.<\/p>\n\n\n\n<p><\/p>\n\n\n\n<p><strong>SINOPSIS<\/strong><br>Candela Castro, artista pl\u00e1stica argentina, toma un vuelo hacia Egipto luego de una noticia inesperada. En el asiento de al lado viaja Pilar, una mujer completamente diferente, que parte en busca de una nueva realidad.<br>Lo que comienza como una simple coincidencia pronto deja de parecerlo.<br>Dos mujeres. Un vuelo. Un destino.<br>La patada del camello es un drama de ciencia ficci\u00f3n con tintes de comedia.<br><br><strong>AGENDA<\/strong><br><strong>Estreno: jueves 2 de abril, 20 hs.<\/strong><br><strong>Funciones:&nbsp;<\/strong>jueves, 20 hs.<br><strong>Lugar<\/strong>: Teatro Premier, sala Premier Live (Av. Corrientes 1565, CABA)<br><strong>Entradas<\/strong>: $35.000 \/ Desc. 20% y 3 cuotas con BBVA \u2013 Desc. 20% grupos +12 personas \/ <a href=\"https:\/\/www.plateanet.com\/obra\/33964?obra=LA%20PATADA%20DEL%20CAMELLO&amp;paso=inicio&amp;paso=inicio\">Plateanet<\/a> o en boleter\u00eda<br><strong>Duraci\u00f3n<\/strong>: 60 min.<br><strong>ATP<\/strong>&nbsp;(+16 a\u00f1os)<\/p>\n\n\n\n<p><strong>TRAILER RRSS<\/strong>:&nbsp;<a href=\"https:\/\/www.youtube.com\/watch?v=UM5HjdpiyB4\">click<\/a><br><strong>Instagram<\/strong>:&nbsp;<a href=\"https:\/\/www.instagram.com\/lapatadadelcamello\/\">@lpatadadelcamello<\/a> <br><br><br><strong>FICHA t\u00e9cnico-art\u00edstica<\/strong><br><strong>Dramaturgia<\/strong>: Sof\u00eda Gonz\u00e1lez y Sandra Criolani<br><strong>Elenco<\/strong>: Sof\u00eda Gonz\u00e1lez, Sandra Criolani y Federico Ferreyra<br><strong>M\u00fasica original en vivo<\/strong>: Sebasti\u00e1n Lerena<br><strong>Voces off<\/strong>: Barbie Mart\u00ednez, Martina Zalazar y Ernesto Nesti Dom\u00ednguez<br><strong>Dise\u00f1o de sonido, iluminaci\u00f3n y escenograf\u00eda<\/strong>: Ernesto Nesti Dom\u00ednguez<br><strong>Realizaci\u00f3n de escenograf\u00eda<\/strong>: Sabrina L\u00f3pez Hovhannessian<br><strong>Vestuario<\/strong>: Sof\u00eda Gonz\u00e1lez y Sandra Criolani<br><strong>Arte gr\u00e1fico<\/strong>: Fernando Lendoiro<br><strong>Community Manager<\/strong>: Amareli Guti\u00e9rrez<br><strong>Prensa<\/strong>:&nbsp;<a href=\"https:\/\/octaviacultura.com.ar\/\">OCTAVIA Comunicaci\u00f3n<\/a><br><strong>Producci\u00f3n general<\/strong>: Maia y NST<br><strong>Direcci\u00f3n<\/strong>: Ernesto Nesti Dominguez<br><\/p>\n\n\n\n<figure class=\"wp-block-image size-large is-resized\"><img loading=\"lazy\" decoding=\"async\" width=\"768\" height=\"1024\" src=\"https:\/\/pressroom.cqap.com.ar\/wp-content\/uploads\/2026\/03\/La-patada-del-camello_flyer01-768x1024.jpg\" alt=\"\" class=\"wp-image-866\" style=\"aspect-ratio:0.7499961852445258;width:547px;height:auto\" srcset=\"https:\/\/pressroom.cqap.com.ar\/wp-content\/uploads\/2026\/03\/La-patada-del-camello_flyer01-768x1024.jpg 768w, https:\/\/pressroom.cqap.com.ar\/wp-content\/uploads\/2026\/03\/La-patada-del-camello_flyer01-225x300.jpg 225w, https:\/\/pressroom.cqap.com.ar\/wp-content\/uploads\/2026\/03\/La-patada-del-camello_flyer01-1152x1536.jpg 1152w, https:\/\/pressroom.cqap.com.ar\/wp-content\/uploads\/2026\/03\/La-patada-del-camello_flyer01.jpg 1200w\" sizes=\"auto, (max-width: 768px) 100vw, 768px\" \/><\/figure>\n\n\n\n<p><strong>BIO Sof\u00eda Gonz\u00e1lez<\/strong><br>Sof\u00eda Gonz\u00e1lez es actriz, productora y dramaturga argentina. Se form\u00f3 en actuaci\u00f3n con Augusto Fern\u00e1ndes, Agust\u00edn Alezzo y Carlos Gandolfo. Realiz\u00f3 seminarios con Gabriel Cham\u00e9 Buend\u00eda, Javier Daulte, Mariela Asensio y Silvina Sabater, entre otros. Complement\u00f3 su formaci\u00f3n con estudios de dramaturgia con Mauricio Kartun e Ignacio Apolo, y gui\u00f3n cinematogr\u00e1fico con A\u00edda Bortnik y Juan Jos\u00e9 Campanella. Es Profesora de Historia, Profesora de Nivel Inicial y tiene nivel avanzado de ingl\u00e9s.<br>En teatro, ha trabajado en obras como \u201cHedda Garc\u00eda Blaquier\u201d, adaptaci\u00f3n de Hedda Gabler escrita y dirigida por Lisandro Fiks; \u201cBirdland\u201d de Simon Stephens, dirigida por Lisandro Fiks y Lucio Bazzalo; \u2018Helado de pollo\u201d de Maricel Santin; \u201cLa Fundaci\u00f3n\u201d de Susana Torres Molina, dirigida por Federico Nanyo; \u201cB\u00e9same mucho\u201d de Javier Daulte, dirigida por Gonzalo Urtizberea; \u201cLa patada del camello\u201d, obra que coescribi\u00f3 y coprotagoniza, entre otras.<br>En TV actu\u00f3 en: \u201cSoy Luna\u201d, \u201cUn Gallo para Esculapio\u201d, \u201cFreaks\u201d, \u201cEsperanza m\u00eda\u201d, entre otras. En cine actu\u00f3 en: \u201cVirus 32\u201d, \u201cAmigos inseparables\u201d, \u201cPapeles en el viento\u201d. Fue adem\u00e1s directora y guionista del cortometraje \u201cMi pote\u201d, inspirado en las abuelas de Plaza de Mayo. Actualmente es productora asociada y actriz de \u201cEl cintur\u00f3n de Olivia\u201d.<br><br><strong>BIO Sandra Criolani<\/strong><br>Sandra Criolani es actriz y escritora. Es Licenciada en Teatro (UNC). Estudi\u00f3 adem\u00e1s actuaci\u00f3n con los maestros Augusto Fern\u00e1ndez, Nora Moseinco, Lisandro Fiks y Nesti Dominguez, entre otros. Se form\u00f3 en danza Contempor\u00e1nea y Jazz con Gabriela Serra, Mariana Margossian y Dar\u00edo Dorzi; y en Canto con Fernanda Mart\u00ednez Mina. Habla Acento Neutro y tiene un nivel intermedio- avanzado de ingl\u00e9s.<br>Entre sus trabajos en teatro se destacan \u201cHombres y Ratones\u201d de John Steinbeck dirigida por Lisandro Fiks, \u00abLas Brujas de Salem\u00bb de Arthur Miller (traducci\u00f3n de F&amp;F), \u201cLas mujeres de los nazis\u201d de H\u00e9ctor Levy Daniel; \u00abLa Mujer que Levant\u00f3 el Auto\u00bb de Leonardo Mendon\u00e7a; \u00abDestercerizando al hogar. Personas en hoteles de mierda\u201d de Ren\u00e9 Pollesch producida por el Goethe Institut; y \u201cLa patada del Camello\u201d, obra que coescribi\u00f3 y coprotagoniza; realizando giras nacionales e internacionales. En cine, coprotagoniza \u201cEl Kiosco\u201d con Pablo Echarri; y forma parte de los elencos de \u201cEl cuento del t\u00edo\u201d y \u00abNo te olvides de m\u00ed\u00bb, junto a actores como Alejanda Flechner, Luis Ziembrovski y Leonardo Sbaraglia. En TV, forma parte del elenco de \u201cONCE\u201d (Disney Channel); \u201cFarsantes\u201d (Polka); \u00abSres. Papis\u00bb (Telefe) y de la serie \u201cNOA\u201d realizada por FAM Contenidos a estrenar pr\u00f3ximamente.<br><br><strong>BIO Ernesto Nesti Dominguez<\/strong><br>Ernesto Nesti Dominguez es director de teatro y de casting, coach y maestro de actuaci\u00f3n.<br>Es reconocido como el primer maestro argentino acreditado para ense\u00f1ar&nbsp;<em>\u00abThe Chubbuck Technique<\/em>\u00bb -el m\u00e9todo psicol\u00f3gico de actuaci\u00f3n creado por Ivanna Chubbuck, quien ha entrenado a Halle Berry, Sylvester Stallone, Brad Pitt, Sharon Stone, Charlize Theron, and Jon Voight, entre otros-. Es socio de Wez casting y NST.<br>Ha dirigido obras como \u00abTrifecta\u00bb, \u00abLa patada del camello\u00bb, \u00abTestigos\u00bb, \u00abLocos de contento\u00bb, \u00abAmateurs\u00bb, \u00abMis perlas con mis rulos\u00bb, \u00abUna foto\u00bb, \u00abEntretejidos\u00bb, \u00abNo puedo imaginar el ma\u00f1ana\u00bb, entre otras.<\/p>\n\n\n\n<p><\/p>\n","protected":false},"excerpt":{"rendered":"<p>Luego de haber sorprendido al p\u00fablico en el circuito independiente en 2019,\u00a0\u201cLa Patada del Camello\u201d\u00a0estrena con una versi\u00f3n renovada, especialmente concebida para su estreno en [&hellip;]<\/p>\n","protected":false},"author":24,"featured_media":867,"comment_status":"open","ping_status":"open","sticky":false,"template":"","format":"standard","meta":{"footnotes":""},"categories":[5,15],"tags":[386,331,383,20],"class_list":["post-865","post","type-post","status-publish","format-standard","has-post-thumbnail","hentry","category-entretenimientos","category-turismo","tag-ciencia-ficcion","tag-teatro","tag-teatro-argentino","tag-viajes"],"_links":{"self":[{"href":"https:\/\/pressroom.cqap.com.ar\/index.php\/wp-json\/wp\/v2\/posts\/865","targetHints":{"allow":["GET"]}}],"collection":[{"href":"https:\/\/pressroom.cqap.com.ar\/index.php\/wp-json\/wp\/v2\/posts"}],"about":[{"href":"https:\/\/pressroom.cqap.com.ar\/index.php\/wp-json\/wp\/v2\/types\/post"}],"author":[{"embeddable":true,"href":"https:\/\/pressroom.cqap.com.ar\/index.php\/wp-json\/wp\/v2\/users\/24"}],"replies":[{"embeddable":true,"href":"https:\/\/pressroom.cqap.com.ar\/index.php\/wp-json\/wp\/v2\/comments?post=865"}],"version-history":[{"count":3,"href":"https:\/\/pressroom.cqap.com.ar\/index.php\/wp-json\/wp\/v2\/posts\/865\/revisions"}],"predecessor-version":[{"id":870,"href":"https:\/\/pressroom.cqap.com.ar\/index.php\/wp-json\/wp\/v2\/posts\/865\/revisions\/870"}],"wp:featuredmedia":[{"embeddable":true,"href":"https:\/\/pressroom.cqap.com.ar\/index.php\/wp-json\/wp\/v2\/media\/867"}],"wp:attachment":[{"href":"https:\/\/pressroom.cqap.com.ar\/index.php\/wp-json\/wp\/v2\/media?parent=865"}],"wp:term":[{"taxonomy":"category","embeddable":true,"href":"https:\/\/pressroom.cqap.com.ar\/index.php\/wp-json\/wp\/v2\/categories?post=865"},{"taxonomy":"post_tag","embeddable":true,"href":"https:\/\/pressroom.cqap.com.ar\/index.php\/wp-json\/wp\/v2\/tags?post=865"}],"curies":[{"name":"wp","href":"https:\/\/api.w.org\/{rel}","templated":true}]}}