{"id":764,"date":"2025-12-12T10:25:42","date_gmt":"2025-12-12T13:25:42","guid":{"rendered":"https:\/\/pressroom.cqap.com.ar\/?p=764"},"modified":"2025-12-12T10:25:42","modified_gmt":"2025-12-12T13:25:42","slug":"la-urgencia-de-una-regulacion-efectiva-para-la-inteligencia-artificial","status":"publish","type":"post","link":"https:\/\/pressroom.cqap.com.ar\/index.php\/la-urgencia-de-una-regulacion-efectiva-para-la-inteligencia-artificial\/","title":{"rendered":"La urgencia de una regulaci\u00f3n efectiva para la inteligencia artificial"},"content":{"rendered":"\n<p><em>La provincia de Buenos Aires marc\u00f3 un hito al emitir la primera regulaci\u00f3n del uso de la IA en Argentina.\u00bfQu\u00e9 tan preparados est\u00e1n los pol\u00edticos para legislar sobre esta tecnolog\u00eda?<\/em><\/p>\n\n\n\n<p><em>Por: Juan Santiago. CEO y Founder de Santex y miembro del board de la Liga del Bien de IA<\/em><\/p>\n\n\n\n<p>La provincia de Buenos Aires acaba de dar un paso important\u00edsimo al sancionar la&nbsp;<a href=\"https:\/\/www.cronista.com\/economia-politica\/kicillof-regula-el-uso-de-la-inteligencia-artificial-en-la-provincia-que-se-podra-hacer-y-que-queda-prohibido\/?utm_source=email_marketing&amp;utm_admin=197742&amp;utm_medium=email&amp;utm_campaign=El_desafo_de_regular_la_inteligencia_artificial\" target=\"_blank\" rel=\"noreferrer noopener\">primera regulaci\u00f3n del uso de la inteligencia artificial de nuestro pa\u00eds<\/a>; en este caso puntual, alcanza solo a su implementaci\u00f3n en el \u00e1mbito p\u00fablico provincial. Esta medida se da dos semanas despu\u00e9s que el Municipio de Z\u00e1rate (de ideolog\u00eda contraria al gobierno provincial)&nbsp;<a href=\"https:\/\/www.lapoliticaonline.com\/provincia\/el-intendente-de-zarate-nombro-a-una-inteligencia-artificial-como-funcionaria-del-municipio\/?utm_source=email_marketing&amp;utm_admin=197742&amp;utm_medium=email&amp;utm_campaign=El_desafo_de_regular_la_inteligencia_artificial\" target=\"_blank\" rel=\"noreferrer noopener\">nombrara a una IA como la primera funcionaria no humana<\/a>&nbsp;al frente de una direcci\u00f3n general.<\/p>\n\n\n\n<p>Ante todo, celebro cualquier iniciativa que apunte a brindar un marco legal a una tecnolog\u00eda que es el presente (no el futuro) y que est\u00e1 generando una nueva revoluci\u00f3n industrial, educativa, social y econ\u00f3mica. Y en este caso en particular, esta normativa est\u00e1 inspirada en la regulaci\u00f3n de la Uni\u00f3n Europea que, con mucho por mejorar, es un buen comienzo. Lo que hace ruido son los motivos partidarios que parecen esconderse detr\u00e1s de esta iniciativa. Aqu\u00ed es donde me pregunto: \u00bfnuestros pol\u00edticos est\u00e1n preparados para abordar esta tarea?<\/p>\n\n\n\n<p>Hoy la tecnolog\u00eda est\u00e1 empujando un nuevo modelo, y los pol\u00edticos lo est\u00e1n resistiendo. Primero, porque no lo entienden; eso es muy importante. Y segundo, porque no les conviene, porque trae una enorme transparencia al modelo y al sistema. Y pone en evidencia que lo que la gente quiere no es lo que sucede. Entonces la tecnolog\u00eda ha venido a hackear el modelo.<\/p>\n\n\n\n<p>En lugar de limitarse a copiar legislaciones que tuvieron aceptaci\u00f3n en otros lugares, es imprescindible que, quienes tienen la responsabilidad de definir el marco legal de la IA comprendan algunas de las tensiones que se generan alrededor de esta tecnolog\u00eda:&nbsp;<\/p>\n\n\n\n<p><strong>1) Magia versus impacto:<\/strong>&nbsp;La IA puede mejorar la educaci\u00f3n, la salud, la seguridad. Pero tambi\u00e9n puede profundizar desigualdades. La diferencia est\u00e1 en qui\u00e9n la usa y c\u00f3mo. Ya existen compa\u00f1\u00edas que dejaron de contratar humanos. Es el s\u00edntoma m\u00e1s claro de una cultura que confundi\u00f3 eficiencia con evoluci\u00f3n. En Santex tomamos el camino opuesto, contratamos personas. Creemos en la tecnolog\u00eda como aliada, no como reemplazo. Porque la IA no piensa ni siente, necesita criterio humano. Y para legislar sobre ella, el primer paso es entender qu\u00e9 es y que no es IA.<\/p>\n\n\n\n<p><strong>2) Inteligencia versus experiencia:<\/strong>&nbsp;La IA tiene inteligencia cognitiva, pero no experiencia corporal, emocional, relacional. Gobernar requiere de la integraci\u00f3n de las habilidades que nos hacen m\u00e1s humanos y tambi\u00e9n de la humildad para incorporar las habilidades y herramientas que no conocemos o que necesitamos potenciar. As\u00ed como no alcanza con copiar regulaciones de otros pa\u00edses, cada territorio debe encontrar su propio camino, tampoco alcanza con copiar y pegar herramientas tecnol\u00f3gicas que se idearon en otras regiones e idiosincrasias.&nbsp;<\/p>\n\n\n\n<p>El Foro Econ\u00f3mico Mundial advierte que en 2030 las habilidades m\u00e1s demandadas no ser\u00e1n solo t\u00e9cnicas, sino creatividad, pensamiento cr\u00edtico, colaboraci\u00f3n y resiliencia. La IA puede potenciar estas capacidades si sabemos usarla bien. La clave es anticiparse con visi\u00f3n estrat\u00e9gica. \u00bfQu\u00e9 decisiones debemos tomar hoy para sostener o lanzar pol\u00edticas, proyectos equipos, empleos y liderazgos que sean relevantes en el futuro?<\/p>\n\n\n\n<p><strong>3) Extractivista versus colaborador:<\/strong>&nbsp;La IA puede ser extractivista (es decir, quitar valor a la sociedad sin devolver nada) o colaboradora (resolver problemas de manera colectiva). La decisi\u00f3n es pol\u00edtica. No se trata solo de regular la tecnolog\u00eda, sino de darle direcci\u00f3n con visi\u00f3n. Hace poco, en \u00c1frica, vimos gobiernos que cortaron internet. Lo que parec\u00eda una medida temporal se convirti\u00f3 en un desastre, pymes paralizadas, pagos bloqueados, millones de ciudadanos sin acceso a salud, educaci\u00f3n ni banca. Los cortes drenaron el PIB, frenaron inversiones y ampliaron la brecha digital. Por eso, las sentencias recientes en Senegal y Kenia que declararon ilegales esos apagones marcaron un hito, la conectividad es un derecho ciudadano. Defenderla no es un tema tecnol\u00f3gico, es defender la libertad, la inclusi\u00f3n y el futuro.<\/p>\n\n\n\n<p>Gobernar en 2025 implica entender de IA. Es una responsabilidad, no una opci\u00f3n. Si no lo hacen, nuestros representantes estar\u00e1n impulsando proyectos para un mundo que ya no existe. El primer paso para hacer transformaciones que generen un impacto positivo es tener conocimiento; y esto implica reconocer con humildad lo que no saben y conectar con los referentes de tecnolog\u00eda, IA, \u00e9tica y gobernanza, para construir marcos que potencien posibilidades, pero resguardando lo m\u00e1s importante: las personas, los ciudadanos de hoy y del futuro.<\/p>\n","protected":false},"excerpt":{"rendered":"<p>La provincia de Buenos Aires marc\u00f3 un hito al emitir la primera regulaci\u00f3n del uso de la IA en Argentina.\u00bfQu\u00e9 tan preparados est\u00e1n los pol\u00edticos [&hellip;]<\/p>\n","protected":false},"author":18,"featured_media":765,"comment_status":"open","ping_status":"open","sticky":false,"template":"","format":"standard","meta":{"footnotes":""},"categories":[6,25],"tags":[150,245],"class_list":["post-764","post","type-post","status-publish","format-standard","has-post-thumbnail","hentry","category-empresas","category-tecnologia","tag-ia","tag-santex"],"_links":{"self":[{"href":"https:\/\/pressroom.cqap.com.ar\/index.php\/wp-json\/wp\/v2\/posts\/764","targetHints":{"allow":["GET"]}}],"collection":[{"href":"https:\/\/pressroom.cqap.com.ar\/index.php\/wp-json\/wp\/v2\/posts"}],"about":[{"href":"https:\/\/pressroom.cqap.com.ar\/index.php\/wp-json\/wp\/v2\/types\/post"}],"author":[{"embeddable":true,"href":"https:\/\/pressroom.cqap.com.ar\/index.php\/wp-json\/wp\/v2\/users\/18"}],"replies":[{"embeddable":true,"href":"https:\/\/pressroom.cqap.com.ar\/index.php\/wp-json\/wp\/v2\/comments?post=764"}],"version-history":[{"count":1,"href":"https:\/\/pressroom.cqap.com.ar\/index.php\/wp-json\/wp\/v2\/posts\/764\/revisions"}],"predecessor-version":[{"id":766,"href":"https:\/\/pressroom.cqap.com.ar\/index.php\/wp-json\/wp\/v2\/posts\/764\/revisions\/766"}],"wp:featuredmedia":[{"embeddable":true,"href":"https:\/\/pressroom.cqap.com.ar\/index.php\/wp-json\/wp\/v2\/media\/765"}],"wp:attachment":[{"href":"https:\/\/pressroom.cqap.com.ar\/index.php\/wp-json\/wp\/v2\/media?parent=764"}],"wp:term":[{"taxonomy":"category","embeddable":true,"href":"https:\/\/pressroom.cqap.com.ar\/index.php\/wp-json\/wp\/v2\/categories?post=764"},{"taxonomy":"post_tag","embeddable":true,"href":"https:\/\/pressroom.cqap.com.ar\/index.php\/wp-json\/wp\/v2\/tags?post=764"}],"curies":[{"name":"wp","href":"https:\/\/api.w.org\/{rel}","templated":true}]}}