{"id":756,"date":"2025-12-12T10:07:54","date_gmt":"2025-12-12T13:07:54","guid":{"rendered":"https:\/\/pressroom.cqap.com.ar\/?p=756"},"modified":"2025-12-12T10:07:54","modified_gmt":"2025-12-12T13:07:54","slug":"referente-argentina-en-ia-expuso-en-santex-sobre-extractivismo-en-la-industria","status":"publish","type":"post","link":"https:\/\/pressroom.cqap.com.ar\/index.php\/referente-argentina-en-ia-expuso-en-santex-sobre-extractivismo-en-la-industria\/","title":{"rendered":"Referente argentina en IA expuso en Santex sobre extractivismo en la industria"},"content":{"rendered":"\n<p><strong>Milagros Miceli<\/strong>, investigadora argentina radicada en Alemania, reconocida por la revista&nbsp;<strong>TIME<\/strong>&nbsp;como&nbsp;<em>una de las 100 personas m\u00e1s influyentes de la IA en 2025<\/em>&nbsp;brind\u00f3 una charla titulada&nbsp;<strong><em>Lo que nadie dice de la IA<\/em><\/strong>&nbsp;en las oficinas de la tecnol\u00f3gica Santex. En la misma abord\u00f3 el lado menos visible de la inteligencia artificial: el trabajo humano detr\u00e1s de los algoritmos, los sesgos que nacen antes de los datos y el rol estrat\u00e9gico del sur global en la nueva econom\u00eda de la inteligencia.<\/p>\n\n\n\n\n\n<p>El trabajo de Miceli se centra en estudiar c\u00f3mo se producen los datos que alimentan los modelos de IA, qui\u00e9nes los generan, en qu\u00e9 condiciones y qu\u00e9 estructuras de poder moldean esa producci\u00f3n:&nbsp;<em>\u201cHay una precarizaci\u00f3n de estos trabajadores, que van a buscarlos y buscarlas en lugares muy, muy vulnerables. Encima hay un discurso detr\u00e1s de esto que tiene que ver mucho con la filantrop\u00eda (&#8230;): llevamos trabajo a esta u otra poblaci\u00f3n porque no tienen otras posibilidades, entonces la industria de la inteligencia artificial hace posible darles un trabajo (&#8230;) Pero hay una intencionalidad de tercerizar a pa\u00edses del mundo donde las normativas que tienen que ver con el trabajo son laxas\u201d<\/em>&nbsp;asegura.<\/p>\n\n\n\n<p>Miceli tambi\u00e9n comparti\u00f3 su punto de vista respecto a Stargate, el proyecto anunciado por el CEO de Open AI Sam Altman para el sur argentino:<em>&nbsp;\u201cEn el anuncio no hubo precisiones. Dicen \u201cva a venir esta inversi\u00f3n\u201d pero no sabemos ni c\u00f3mo, ni cu\u00e1ndo, ni qui\u00e9n la va a traer, en qu\u00e9 forma, no sabemos a qui\u00e9n va a afectar, d\u00f3nde efectivamente (&#8230;) ni cu\u00e1les van a ser las condiciones que se le va a imponer a OpenAI para crear este mega data center, cu\u00e1l va a ser el gasto energ\u00e9tico y finalmente tampoco sabemos qu\u00e9 nos va a aportar a nosotros y nosotras como argentinos, a nuestra soberan\u00eda, qu\u00e9 ganancia le va a dejar\u201d<\/em>.&nbsp;<\/p>\n\n\n\n<p><em>\u201cEstos data centers se instalan en territorios espec\u00edficos, donde se los ceden. Tienen un consumo de agua enorme enorme. Se necesita agua fresca y limpia: no puede ser agua reciclada, ni salada; se necesita agua fresca y limpia. Necesitan litros y litros y millones de litros de agua para sus sistemas de refrigeraci\u00f3n\u201d<\/em>&nbsp;agreg\u00f3 Miceli, haciendo referencia tambi\u00e9n al vasto consumo energ\u00e9tico y las plantas de energ\u00eda que prometen.&nbsp;<em>\u201cLo m\u00e1s probable, y eso muestra las experiencias en Chile, en M\u00e9xico y en otros pa\u00edses de la regi\u00f3n, es que s\u00ed instalan plantas de energ\u00eda, son energ\u00edas altamente contaminantes. Entonces, no veo ah\u00ed tampoco el beneficio. Pero el contraargumento es \u201cbueno, pero es una inversi\u00f3n de 2.500 millones de d\u00f3lares, no estamos para despreciarla\u201d<\/em>&nbsp;sentenci\u00f3<\/p>\n\n\n\n<p>Santex llev\u00f3 adelante esta iniciativa ya que siempre busca liderar estas conversaciones inc\u00f3modas para gran parte del sector privado, mostrando su compromiso con un desarrollo tecnol\u00f3gico no extractivista y con las personas en el centro. Esto se da en el marco de un incipiente debate por el proyecto de reforma laboral que el Gobierno present\u00f3 este viernes y planea enviar al Congreso Nacional.&nbsp;<\/p>\n\n\n\n<p><em>\u201cNosotros nos encontramos como compa\u00f1\u00eda en un lugar donde tenemos una responsabilidad enorme, porque nos dedicamos a la fabricaci\u00f3n de tecnolog\u00eda. \u00c9sta ha dejado de ser una conversaci\u00f3n t\u00e9cnica y ha pasado a ser una conversaci\u00f3n \u00e9tica. La inteligencia artificial ha tra\u00eddo ese cambio de paradigma, de pensamiento y de mirada sobre qu\u00e9 tipo de ideolog\u00eda tenemos que desarrollar para construirnos nosotros mismos como humanidad en un futuro\u201d<\/em>&nbsp;asegur\u00f3 Juan Santiago, CEO y Founder de&nbsp;<a href=\"https:\/\/santexgroup.com\/es\/?utm_source=email_marketing&amp;utm_admin=197742&amp;utm_medium=email&amp;utm_campaign=Para_hablar_de_IA_responsable_necesitamos_entender_quin_hace_los_datos_y_en_qu_condiciones_Milagros_\" target=\"_blank\" rel=\"noreferrer noopener\">Santex<\/a>&nbsp;y miembro del Board de la&nbsp;<a href=\"https:\/\/aileagueforgood.ai\/es\/?utm_source=email_marketing&amp;utm_admin=197742&amp;utm_medium=email&amp;utm_campaign=Para_hablar_de_IA_responsable_necesitamos_entender_quin_hace_los_datos_y_en_qu_condiciones_Milagros_\" target=\"_blank\" rel=\"noreferrer noopener\">AI League for Good<\/a>.<\/p>\n","protected":false},"excerpt":{"rendered":"<p>Milagros Miceli, investigadora argentina radicada en Alemania, reconocida por la revista&nbsp;TIME&nbsp;como&nbsp;una de las 100 personas m\u00e1s influyentes de la IA en 2025&nbsp;brind\u00f3 una charla titulada&nbsp;Lo [&hellip;]<\/p>\n","protected":false},"author":18,"featured_media":757,"comment_status":"open","ping_status":"open","sticky":false,"template":"","format":"standard","meta":{"footnotes":""},"categories":[6,25],"tags":[150,245],"class_list":["post-756","post","type-post","status-publish","format-standard","has-post-thumbnail","hentry","category-empresas","category-tecnologia","tag-ia","tag-santex"],"_links":{"self":[{"href":"https:\/\/pressroom.cqap.com.ar\/index.php\/wp-json\/wp\/v2\/posts\/756","targetHints":{"allow":["GET"]}}],"collection":[{"href":"https:\/\/pressroom.cqap.com.ar\/index.php\/wp-json\/wp\/v2\/posts"}],"about":[{"href":"https:\/\/pressroom.cqap.com.ar\/index.php\/wp-json\/wp\/v2\/types\/post"}],"author":[{"embeddable":true,"href":"https:\/\/pressroom.cqap.com.ar\/index.php\/wp-json\/wp\/v2\/users\/18"}],"replies":[{"embeddable":true,"href":"https:\/\/pressroom.cqap.com.ar\/index.php\/wp-json\/wp\/v2\/comments?post=756"}],"version-history":[{"count":1,"href":"https:\/\/pressroom.cqap.com.ar\/index.php\/wp-json\/wp\/v2\/posts\/756\/revisions"}],"predecessor-version":[{"id":758,"href":"https:\/\/pressroom.cqap.com.ar\/index.php\/wp-json\/wp\/v2\/posts\/756\/revisions\/758"}],"wp:featuredmedia":[{"embeddable":true,"href":"https:\/\/pressroom.cqap.com.ar\/index.php\/wp-json\/wp\/v2\/media\/757"}],"wp:attachment":[{"href":"https:\/\/pressroom.cqap.com.ar\/index.php\/wp-json\/wp\/v2\/media?parent=756"}],"wp:term":[{"taxonomy":"category","embeddable":true,"href":"https:\/\/pressroom.cqap.com.ar\/index.php\/wp-json\/wp\/v2\/categories?post=756"},{"taxonomy":"post_tag","embeddable":true,"href":"https:\/\/pressroom.cqap.com.ar\/index.php\/wp-json\/wp\/v2\/tags?post=756"}],"curies":[{"name":"wp","href":"https:\/\/api.w.org\/{rel}","templated":true}]}}