{"id":753,"date":"2025-12-12T09:59:53","date_gmt":"2025-12-12T12:59:53","guid":{"rendered":"https:\/\/pressroom.cqap.com.ar\/?p=753"},"modified":"2025-12-12T09:59:53","modified_gmt":"2025-12-12T12:59:53","slug":"la-plata-y-el-auge-de-los-alquileres-temporarios-una-oportunidad-que-redefine-el-mercado-inmobiliario","status":"publish","type":"post","link":"https:\/\/pressroom.cqap.com.ar\/index.php\/la-plata-y-el-auge-de-los-alquileres-temporarios-una-oportunidad-que-redefine-el-mercado-inmobiliario\/","title":{"rendered":"La Plata y el auge de los alquileres temporarios: una oportunidad que redefine el mercado inmobiliario"},"content":{"rendered":"\n<p><strong>Ger\u00f3nimo Odriozola, broker inmobiliario de Remax Roble @geronimo_odriozola<\/strong><\/p>\n\n\n\n<p>La Plata registra un crecimiento sostenido en el mercado de alquileres temporarios, y este verano vuelve a confirmarlo con claridad. En los \u00faltimos meses, la ciudad evidenci\u00f3 un aumento significativo en consultas y reservas para estad\u00edas cortas, impulsadas principalmente por motivos laborales, acad\u00e9micos, m\u00e9dicos y culturales. Lo que hace algunos a\u00f1os era una modalidad complementaria, hoy se consolida como una din\u00e1mica estable dentro del mercado inmobiliario local.<\/p>\n\n\n\n<p>A diferencia de los destinos tur\u00edsticos tradicionales, La Plata no responde a una l\u00f3gica estacional marcada. Sin embargo, el flujo constante de profesionales en tr\u00e1nsito, estudiantes que adelantan su mudanza, familias vinculadas a tratamientos m\u00e9dicos y un turismo cultural en expansi\u00f3n mantienen una demanda firme durante todo el a\u00f1o. Este fen\u00f3meno genera actualmente un escenario claro: la demanda de alquileres temporarios supera a la oferta de unidades preparadas con est\u00e1ndares de calidad.<\/p>\n\n\n\n<p><strong>Zonas m\u00e1s buscadas y valores de referencia<\/strong><\/p>\n\n\n\n<p>Los barrios con mayor volumen de consultas son Barrio Norte, el Casco Urbano, las cercan\u00edas de la Catedral, el eje universitario y las localidades de City Bell y Gonnet. All\u00ed, las propiedades listas para habitar, bien equipadas y con buen nivel de confort, son las primeras en alquilarse.<\/p>\n\n\n\n<ul class=\"wp-block-list\">\n<li><strong>Barrio Norte:<\/strong>\u00a0departamentos amoblados de 1 dormitorio rondan los\u00a0<strong>USD 700 mensuales<\/strong>\u00a0en modalidad temporaria.<\/li>\n\n\n\n<li><strong>Centro \/ Casco Urbano:<\/strong>\u00a0unidades de 1 dormitorio bien ubicadas parten desde los\u00a0<strong>USD 800 mensuales<\/strong>.<\/li>\n\n\n\n<li><strong>Eje Universitario:<\/strong>\u00a0monoambientes y 1 dormitorio se ubican entre\u00a0<strong>USD 450 y 600<\/strong>.<\/li>\n\n\n\n<li><strong>City Bell y countries:<\/strong>\u00a0las casas para alquiler temporario oscilan entre\u00a0<strong>USD 4.000 y 10.000 mensuales<\/strong>, seg\u00fan superficie, estado y amenities.<\/li>\n<\/ul>\n\n\n\n<p>Las propiedades que cuentan con&nbsp;<strong>buena conectividad a internet, mobiliario completo, electrodom\u00e9sticos modernos y servicios incluidos<\/strong>&nbsp;son las que logran mayor ocupaci\u00f3n y mejores valores. La diferencia con aquellas unidades improvisadas es cada vez m\u00e1s evidente, tanto en precio como en velocidad de alquiler.<\/p>\n\n\n\n<p><strong>Cambi\u00f3 el perfil del hu\u00e9sped, cambi\u00f3 el negocio<\/strong><\/p>\n\n\n\n<p>El nuevo hu\u00e9sped prioriza la experiencia por sobre la cantidad de metros. Hoy se valoran especialmente:<\/p>\n\n\n\n<ul class=\"wp-block-list\">\n<li>Conectividad r\u00e1pida y estable<\/li>\n\n\n\n<li>Espacios funcionales para trabajar o estudiar<\/li>\n\n\n\n<li>Buen dise\u00f1o interior y luminosidad<\/li>\n\n\n\n<li>Flexibilidad en los horarios de ingreso y egreso<\/li>\n\n\n\n<li>Publicaciones con fotograf\u00edas profesionales y realistas<\/li>\n<\/ul>\n\n\n\n<p>Desde el punto de vista legal y contractual, esta nueva din\u00e1mica tambi\u00e9n exige mayor prolijidad: contratos claros, condiciones precisas de estad\u00eda, pol\u00edticas de cancelaci\u00f3n definidas y una correcta gesti\u00f3n de los dep\u00f3sitos y garant\u00edas.<\/p>\n\n\n\n<p><strong>M\u00e1s demanda que oferta: una ecuaci\u00f3n con proyecci\u00f3n a 2026<\/strong><\/p>\n\n\n\n<p>Si bien en los \u00faltimos a\u00f1os se incorporaron nuevas unidades al sistema de alquiler temporario, todav\u00eda existe un d\u00e9ficit de propiedades preparadas espec\u00edficamente para este segmento. Esta tensi\u00f3n entre oferta y demanda impulsa un ajuste progresivo de valores y deja margen para nuevos incrementos, especialmente en zonas vinculadas a polos m\u00e9dicos, educativos y administrativos.<\/p>\n\n\n\n<p>Todo indica que de cara al&nbsp;<strong>2026<\/strong>&nbsp;esta tendencia seguir\u00e1 profundiz\u00e1ndose, con un mercado cada vez m\u00e1s profesionalizado, mayor intervenci\u00f3n de gestores especializados y un perfil de inversor m\u00e1s estrat\u00e9gico y asesorado.<\/p>\n\n\n\n<p>La Plata se consolida como un mercado atractivo para los alquileres temporarios, con una demanda diversificada y sostenida durante todo el a\u00f1o. Para propietarios e inversores, este escenario representa una oportunidad concreta de generar rentabilidad superior al alquiler tradicional, siempre que exista una planificaci\u00f3n adecuada.<\/p>\n\n\n\n<p>En este contexto, el asesoramiento legal, la correcta estructuraci\u00f3n de contratos y una gesti\u00f3n profesional del inmueble ya no son un detalle: son la base para que la inversi\u00f3n funcione de manera rentable, ordenada y segura en el tiempo.<\/p>\n","protected":false},"excerpt":{"rendered":"<p>Ger\u00f3nimo Odriozola, broker inmobiliario de Remax Roble @geronimo_odriozola La Plata registra un crecimiento sostenido en el mercado de alquileres temporarios, y este verano vuelve a [&hellip;]<\/p>\n","protected":false},"author":21,"featured_media":754,"comment_status":"open","ping_status":"open","sticky":false,"template":"","format":"standard","meta":{"footnotes":""},"categories":[6],"tags":[350,352,351,346],"class_list":["post-753","post","type-post","status-publish","format-standard","has-post-thumbnail","hentry","category-empresas","tag-alquileres","tag-ciudades","tag-la-plata","tag-vacaciones"],"_links":{"self":[{"href":"https:\/\/pressroom.cqap.com.ar\/index.php\/wp-json\/wp\/v2\/posts\/753","targetHints":{"allow":["GET"]}}],"collection":[{"href":"https:\/\/pressroom.cqap.com.ar\/index.php\/wp-json\/wp\/v2\/posts"}],"about":[{"href":"https:\/\/pressroom.cqap.com.ar\/index.php\/wp-json\/wp\/v2\/types\/post"}],"author":[{"embeddable":true,"href":"https:\/\/pressroom.cqap.com.ar\/index.php\/wp-json\/wp\/v2\/users\/21"}],"replies":[{"embeddable":true,"href":"https:\/\/pressroom.cqap.com.ar\/index.php\/wp-json\/wp\/v2\/comments?post=753"}],"version-history":[{"count":1,"href":"https:\/\/pressroom.cqap.com.ar\/index.php\/wp-json\/wp\/v2\/posts\/753\/revisions"}],"predecessor-version":[{"id":755,"href":"https:\/\/pressroom.cqap.com.ar\/index.php\/wp-json\/wp\/v2\/posts\/753\/revisions\/755"}],"wp:featuredmedia":[{"embeddable":true,"href":"https:\/\/pressroom.cqap.com.ar\/index.php\/wp-json\/wp\/v2\/media\/754"}],"wp:attachment":[{"href":"https:\/\/pressroom.cqap.com.ar\/index.php\/wp-json\/wp\/v2\/media?parent=753"}],"wp:term":[{"taxonomy":"category","embeddable":true,"href":"https:\/\/pressroom.cqap.com.ar\/index.php\/wp-json\/wp\/v2\/categories?post=753"},{"taxonomy":"post_tag","embeddable":true,"href":"https:\/\/pressroom.cqap.com.ar\/index.php\/wp-json\/wp\/v2\/tags?post=753"}],"curies":[{"name":"wp","href":"https:\/\/api.w.org\/{rel}","templated":true}]}}