{"id":523,"date":"2025-09-05T17:30:25","date_gmt":"2025-09-05T20:30:25","guid":{"rendered":"https:\/\/pressroom.cqap.com.ar\/?p=523"},"modified":"2025-09-05T17:31:13","modified_gmt":"2025-09-05T20:31:13","slug":"mesas-que-transforman-el-evento-anual-del-banco-de-alimentos-buenos-aires-recaudo-mas-de-1-700-000-platos-de-comida","status":"publish","type":"post","link":"https:\/\/pressroom.cqap.com.ar\/index.php\/mesas-que-transforman-el-evento-anual-del-banco-de-alimentos-buenos-aires-recaudo-mas-de-1-700-000-platos-de-comida\/","title":{"rendered":"\u201cMesas que Transforman\u201d: el Evento Anual del Banco de Alimentos Buenos Aires recaud\u00f3 m\u00e1s de 1.700.000 platos de comida"},"content":{"rendered":"\n<p>El <strong>Banco de Alimentos Buenos Aires<\/strong> celebr\u00f3 su evento anual, una noche \u00fanica que reuni\u00f3 a m\u00e1s de 300 invitados en su Centro de Distribuci\u00f3n en Benav\u00eddez, con el prop\u00f3sito de construir puentes entre quienes sufren hambre y quienes desean colaborar.<\/p>\n\n\n\n<p>Con la conducci\u00f3n de <strong>Andrea Frigerio<\/strong>, voluntaria desde hace muchos a\u00f1os, el evento tuvo como concepto central <strong>\u201cMesas que Transforman\u201d<\/strong>, una invitaci\u00f3n a reflexionar sobre qu\u00e9 lugar ocupamos en la mesa de los argentinos, el poder de compartir y generar un impacto positivo en comunidades vulnerables.<\/p>\n\n\n\n<p>Durante la noche, <strong>ocho reconocidos chefs cocinaron en vivo<\/strong> con productos donados por distintas marcas que se sumaron a colaborar: Fava Catering, Juan Gafuri de Elena-Four Seasons, Paula M\u00e9ndez Carrera de Corazonada, Dolores Leal Lobo, Mart\u00edn Molteni de Pura Tierra, Gabriela Bertagni y Titi Siegrist. El evento fue posible gracias al <strong>acompa\u00f1amiento de m\u00e1s de 180 empresas<\/strong>.<\/p>\n\n\n\n<p>Adem\u00e1s, <strong>Christi\u00e1n Carman, Licenciado y Doctor en filosof\u00eda, investigador principal en Conicet y profesor en el Instituto Baikal<\/strong>, fue el orador principal de la noche.&nbsp; <em>\u201cLa mesa es un encuentro intergeneracional en donde alimentamos el alma. Somos conscientes de que lo que nos proponemos es una tarea inmensa, pero nosotros creemos que es posible porque no estamos solos: contamos con todos ustedes\u201d, <\/em>expres\u00f3.<\/p>\n\n\n\n<p><strong>Bego\u00f1a Gal\u00edndez, presidenta del Banco de Alimentos Buenos Aires,<\/strong> destac\u00f3: <em>\u201cMuchas familias est\u00e1n atravesadas por el hambre, un flagelo que limita el desarrollo cognitivo, acad\u00e9mico y emocional de miles de ni\u00f1os y j\u00f3venes en nuestro pa\u00eds. Queremos visibilizar esta realidad y tender un puente hacia una sociedad mejor: cada plato que llega a una mesa no es s\u00f3lo alimento, tambi\u00e9n es dignidad y futuro\u201d.<\/em><\/p>\n\n\n\n<p>Con este evento anual, que <strong>logr\u00f3 recaudar el valor correspondiente a 1.786.450 platos de comida<\/strong>, el Banco de Alimentos Buenos Aires reafirma su compromiso de continuar recuperando y distribuyendo alimentos entre m\u00e1s de 1200 organizaciones sociales del AMBA, contribuyendo a la nutrici\u00f3n de quienes m\u00e1s lo necesitan.<\/p>\n\n\n\n<p><\/p>\n","protected":false},"excerpt":{"rendered":"<p>El Banco de Alimentos Buenos Aires celebr\u00f3 su evento anual, una noche \u00fanica que reuni\u00f3 a m\u00e1s de 300 invitados en su Centro de Distribuci\u00f3n [&hellip;]<\/p>\n","protected":false},"author":6,"featured_media":526,"comment_status":"open","ping_status":"open","sticky":false,"template":"","format":"standard","meta":{"footnotes":""},"categories":[6,16],"tags":[249,133,132,246,248,247],"class_list":["post-523","post","type-post","status-publish","format-standard","has-post-thumbnail","hentry","category-empresas","category-gastronomia","tag-andrea-frigerio","tag-banco-de-alimentos","tag-banco-de-alimentos-buenos-aires","tag-begona-galindez-2","tag-christian-carman","tag-chule"],"_links":{"self":[{"href":"https:\/\/pressroom.cqap.com.ar\/index.php\/wp-json\/wp\/v2\/posts\/523","targetHints":{"allow":["GET"]}}],"collection":[{"href":"https:\/\/pressroom.cqap.com.ar\/index.php\/wp-json\/wp\/v2\/posts"}],"about":[{"href":"https:\/\/pressroom.cqap.com.ar\/index.php\/wp-json\/wp\/v2\/types\/post"}],"author":[{"embeddable":true,"href":"https:\/\/pressroom.cqap.com.ar\/index.php\/wp-json\/wp\/v2\/users\/6"}],"replies":[{"embeddable":true,"href":"https:\/\/pressroom.cqap.com.ar\/index.php\/wp-json\/wp\/v2\/comments?post=523"}],"version-history":[{"count":1,"href":"https:\/\/pressroom.cqap.com.ar\/index.php\/wp-json\/wp\/v2\/posts\/523\/revisions"}],"predecessor-version":[{"id":525,"href":"https:\/\/pressroom.cqap.com.ar\/index.php\/wp-json\/wp\/v2\/posts\/523\/revisions\/525"}],"wp:featuredmedia":[{"embeddable":true,"href":"https:\/\/pressroom.cqap.com.ar\/index.php\/wp-json\/wp\/v2\/media\/526"}],"wp:attachment":[{"href":"https:\/\/pressroom.cqap.com.ar\/index.php\/wp-json\/wp\/v2\/media?parent=523"}],"wp:term":[{"taxonomy":"category","embeddable":true,"href":"https:\/\/pressroom.cqap.com.ar\/index.php\/wp-json\/wp\/v2\/categories?post=523"},{"taxonomy":"post_tag","embeddable":true,"href":"https:\/\/pressroom.cqap.com.ar\/index.php\/wp-json\/wp\/v2\/tags?post=523"}],"curies":[{"name":"wp","href":"https:\/\/api.w.org\/{rel}","templated":true}]}}