{"id":510,"date":"2025-09-05T10:25:08","date_gmt":"2025-09-05T13:25:08","guid":{"rendered":"https:\/\/pressroom.cqap.com.ar\/?p=510"},"modified":"2025-09-05T10:25:08","modified_gmt":"2025-09-05T13:25:08","slug":"escribir-para-comunicar-mejor-una-guia-para-entrenar-la-creatividad-y-potenciar-la-comunicacion-escrita-y-oral","status":"publish","type":"post","link":"https:\/\/pressroom.cqap.com.ar\/index.php\/escribir-para-comunicar-mejor-una-guia-para-entrenar-la-creatividad-y-potenciar-la-comunicacion-escrita-y-oral\/","title":{"rendered":"\u201cEscribir para comunicar mejor\u201d: una gu\u00eda para entrenar la creatividad y potenciar la comunicaci\u00f3n escrita y oral"},"content":{"rendered":"\n<figure class=\"wp-block-gallery has-nested-images columns-default is-cropped wp-block-gallery-1 is-layout-flex wp-block-gallery-is-layout-flex\">\n<figure class=\"wp-block-image size-large\"><img loading=\"lazy\" decoding=\"async\" width=\"819\" height=\"1024\" data-id=\"512\" src=\"https:\/\/pressroom.cqap.com.ar\/wp-content\/uploads\/2025\/09\/87519838-0e39-4274-a6aa-ba1f2fea9644-819x1024.jpeg\" alt=\"\" class=\"wp-image-512\" srcset=\"https:\/\/pressroom.cqap.com.ar\/wp-content\/uploads\/2025\/09\/87519838-0e39-4274-a6aa-ba1f2fea9644-819x1024.jpeg 819w, https:\/\/pressroom.cqap.com.ar\/wp-content\/uploads\/2025\/09\/87519838-0e39-4274-a6aa-ba1f2fea9644-240x300.jpeg 240w, https:\/\/pressroom.cqap.com.ar\/wp-content\/uploads\/2025\/09\/87519838-0e39-4274-a6aa-ba1f2fea9644-768x960.jpeg 768w, https:\/\/pressroom.cqap.com.ar\/wp-content\/uploads\/2025\/09\/87519838-0e39-4274-a6aa-ba1f2fea9644.jpeg 1080w\" sizes=\"auto, (max-width: 819px) 100vw, 819px\" \/><\/figure>\n<\/figure>\n\n\n\n<p><strong>\u201cEscribir para comunicar mejor\u201d<\/strong>&nbsp;de&nbsp;<strong>Luisa Maria Ahumada<\/strong>&nbsp;(El Emporio Ediciones)<strong>&nbsp;<\/strong>&nbsp;es una propuesta que combina teor\u00eda, pr\u00e1ctica y reflexi\u00f3n personal. A trav\u00e9s de tres ejes fundamentales \u2014el proceso de comunicaci\u00f3n, el proceso de escritura y el proceso creativo\u2014 el libro gu\u00eda al lector por un camino de autoconocimiento expresivo y claridad comunicativa.<\/p>\n\n\n\n<p>Con cap\u00edtulos como&nbsp;<em>\u201cEl Yo comunicante\u201d<\/em>,&nbsp;<em>\u201cLas palabras son materia\u201d<\/em>&nbsp;y&nbsp;<em>\u201cEl lugar m\u00e1gico\u201d<\/em>, la autora ofrece recursos concretos para desarrollar mensajes m\u00e1s aut\u00e9nticos, descubrir un estilo propio y conectar mejor con los interlocutores. El libro tambi\u00e9n propone ejercicios de escritura y herramientas para estimular la creatividad desde lo cotidiano.<\/p>\n\n\n\n<p>M\u00e1s que un manual, esta obra es una invitaci\u00f3n a construir una voz propia y a expresarla con confianza, ya sea al hablar en p\u00fablico, escribir en redes o simplemente redactar un mensaje claro y honesto.<\/p>\n\n\n\n<p>\u201c<em>A trav\u00e9s de una exploraci\u00f3n profunda del lenguaje, este libro nos invita a hallar nuestra voz, expresarla en todas sus formas y entender el valor de la comunicaci\u00f3n humana\u201d,&nbsp;<\/em>asegura Ahumada.<\/p>\n\n\n\n<p>Estas p\u00e1ginas son una gu\u00eda clara para adentrarse en el proceso de construir mensajes memorables, identificar al interlocutor adecuado y desarrollar una comunicaci\u00f3n m\u00e1s aut\u00e9ntica desde la relaci\u00f3n con la escritura.<\/p>\n\n\n\n<p>Con una mirada enriquecedora que combina teor\u00eda y pr\u00e1ctica, la autora nos ofrece herramientas creativas para estimular la escritura y crear un perfil comunicante al momento de expresar sentimientos e ideas.<\/p>\n\n\n\n<p>En este, su segundo ensayo -el primero fue&nbsp;<em>\u201cPalabra de Mam\u00e1. Sin etiquetas que limiten<\/em>\u201d- ,&nbsp; Ahumada ofrece ayuda a quien busca fortalecer su oratoria, perfeccionar su escritura y comunicarse con mayor confianza.<\/p>\n\n\n\n<p><br><br><strong>M\u00e1s informaci\u00f3n en:<\/strong><br><a href=\"https:\/\/www.luisamariaahumada.com\/\" rel=\"noreferrer noopener\" target=\"_blank\">Luisa Mar\u00eda Ahumada<br><\/a><a href=\"https:\/\/elemporiolibros.com.ar\/productos\/escribir-para-comunicar-mejor\/\" rel=\"noreferrer noopener\" target=\"_blank\">Libro ESCRIBIR PARA COMUNICAR MEJOR, AHUMADA LUISA MAR\u00cdA<br><br><\/a><\/p>\n\n\n\n<p><strong>Ficha T\u00e9cnica<\/strong><\/p>\n\n\n\n<p><strong>T\u00edtulo:<\/strong>&nbsp;<em>Escribir para comunicar mejor<\/em><em><br><\/em><strong>G\u00e9nero:<\/strong>&nbsp;Ensayo \/ Comunicaci\u00f3n \/ Creatividad<br><strong>Autora:<\/strong>Luisa Maria Ahumada<br><strong>Editorial:<\/strong>&nbsp;Emporio Ediciones<br><strong>P\u00e1ginas<\/strong>: 152<br><strong>ISBN:<\/strong>&nbsp;9789877893175<br>Precio: $26.000<br><\/p>\n\n\n\n<p><strong>Acerca de la autora<\/strong><\/p>\n\n\n\n<p><br>Luisa Mar\u00eda Ahumada (Cruz del Eje, 1984). Especialista en Comunicaci\u00f3n. Asesora empresas y personas en el desarrollo de habilidades comunicacionales. Docente y facilitadora en espacios de formaci\u00f3n de oratoria y escritura. Autora de obras de narrativa, poes\u00eda y ensayo.&nbsp;&nbsp;<a href=\"http:\/\/www.luisamariaahumada.com\/\" rel=\"noreferrer noopener\" target=\"_blank\">www.luisamariaahumada.com<\/a>&nbsp;<\/p>\n","protected":false},"excerpt":{"rendered":"<p>\u201cEscribir para comunicar mejor\u201d&nbsp;de&nbsp;Luisa Maria Ahumada&nbsp;(El Emporio Ediciones)&nbsp;&nbsp;es una propuesta que combina teor\u00eda, pr\u00e1ctica y reflexi\u00f3n personal. A trav\u00e9s de tres ejes fundamentales \u2014el proceso [&hellip;]<\/p>\n","protected":false},"author":21,"featured_media":511,"comment_status":"open","ping_status":"open","sticky":false,"template":"","format":"standard","meta":{"footnotes":""},"categories":[5],"tags":[241,242,224,173],"class_list":["post-510","post","type-post","status-publish","format-standard","has-post-thumbnail","hentry","category-entretenimientos","tag-comunicacion-2","tag-lanzamientos","tag-libro","tag-novedades"],"_links":{"self":[{"href":"https:\/\/pressroom.cqap.com.ar\/index.php\/wp-json\/wp\/v2\/posts\/510","targetHints":{"allow":["GET"]}}],"collection":[{"href":"https:\/\/pressroom.cqap.com.ar\/index.php\/wp-json\/wp\/v2\/posts"}],"about":[{"href":"https:\/\/pressroom.cqap.com.ar\/index.php\/wp-json\/wp\/v2\/types\/post"}],"author":[{"embeddable":true,"href":"https:\/\/pressroom.cqap.com.ar\/index.php\/wp-json\/wp\/v2\/users\/21"}],"replies":[{"embeddable":true,"href":"https:\/\/pressroom.cqap.com.ar\/index.php\/wp-json\/wp\/v2\/comments?post=510"}],"version-history":[{"count":1,"href":"https:\/\/pressroom.cqap.com.ar\/index.php\/wp-json\/wp\/v2\/posts\/510\/revisions"}],"predecessor-version":[{"id":513,"href":"https:\/\/pressroom.cqap.com.ar\/index.php\/wp-json\/wp\/v2\/posts\/510\/revisions\/513"}],"wp:featuredmedia":[{"embeddable":true,"href":"https:\/\/pressroom.cqap.com.ar\/index.php\/wp-json\/wp\/v2\/media\/511"}],"wp:attachment":[{"href":"https:\/\/pressroom.cqap.com.ar\/index.php\/wp-json\/wp\/v2\/media?parent=510"}],"wp:term":[{"taxonomy":"category","embeddable":true,"href":"https:\/\/pressroom.cqap.com.ar\/index.php\/wp-json\/wp\/v2\/categories?post=510"},{"taxonomy":"post_tag","embeddable":true,"href":"https:\/\/pressroom.cqap.com.ar\/index.php\/wp-json\/wp\/v2\/tags?post=510"}],"curies":[{"name":"wp","href":"https:\/\/api.w.org\/{rel}","templated":true}]}}