{"id":377,"date":"2025-05-22T15:43:16","date_gmt":"2025-05-22T18:43:16","guid":{"rendered":"https:\/\/pressroom.cqap.com.ar\/?p=377"},"modified":"2025-05-22T15:43:16","modified_gmt":"2025-05-22T18:43:16","slug":"marca-lider-en-productos-para-el-hogar-celebra-la-apertura-de-una-nueva-tienda-en-alto-avellaneda","status":"publish","type":"post","link":"https:\/\/pressroom.cqap.com.ar\/index.php\/marca-lider-en-productos-para-el-hogar-celebra-la-apertura-de-una-nueva-tienda-en-alto-avellaneda\/","title":{"rendered":"Marca l\u00edder en productos para el hogar celebra la apertura de una nueva tienda en Alto Avellaneda"},"content":{"rendered":"\n<p>Arredo, la empresa l\u00edder en ropa para el hogar y objetos de decoraci\u00f3n contin\u00faa su plan de remodelaci\u00f3n y apertura de tiendas, y recientemente se mud\u00f3 a un nuevo espacio en el shopping Alto Avellaneda. El local est\u00e1 dise\u00f1ado para invitar a los clientes a descubrir una propuesta integral para todos los ambientes.<\/p>\n\n\n\n<p><strong>Promociones y experiencias para celebrar la apertura<\/strong><\/p>\n\n\n\n<p>Para celebrar la inauguraci\u00f3n, todos los productos del nuevo local contar\u00e1n con un <strong>20% de descuento<\/strong> hasta el <strong>28 de mayo<\/strong>. Adem\u00e1s, durante el <strong>fin de semana del 24 y 25 de mayo<\/strong>, de <strong>16:30 a 20:30 hs<\/strong>, se llevar\u00e1 a cabo una activaci\u00f3n especial que invitar\u00e1 a los clientes a participar por un <strong>10% de descuento adicional<\/strong>, acumulable con otras promociones vigentes en la tienda.<br>Habr\u00e1 tambi\u00e9n <strong>premios instant\u00e1neos<\/strong> y propuestas l\u00fadicas como una <strong>ruleta de premios<\/strong> y un <strong>memo test<\/strong>, pensadas para que la experiencia de compra sea a\u00fan m\u00e1s divertida y memorable.<\/p>\n\n\n\n<p>\u00abEstamos muy entusiasmados de anunciar la apertura de nuestra nueva tienda en Alto Avellaneda, un espacio pensado para seguir ofreciendo a nuestros clientes una experiencia de compra \u00fanica, con una propuesta integral para todos los ambientes del hogar: desde textiles para el dormitorio y el ba\u00f1o, hasta opciones para el living, la cocina y mucho m\u00e1s\u00bb, expres\u00f3 Maria Eugenia Sosa,<strong> Gerente de Operaci\u00f3n Comercial de la marca<\/strong>. \u00abEn Arredo, estamos comprometidos con brindar productos que combinan dise\u00f1o, calidad y funcionalidad. Queremos que cada persona encuentre inspiraci\u00f3n y soluciones que reflejen su estilo y le permitan transformar su hogar en un lugar especial\u00bb, agreg\u00f3\u00bb<\/p>\n\n\n\n<p><strong>Dise\u00f1o sustentable&nbsp;<\/strong><\/p>\n\n\n\n<p>En l\u00ednea con su compromiso con la sustentabilidad, la tienda fue dise\u00f1ada reutilizando mobiliario y artefactos de iluminaci\u00f3n provenientes de otros locales de la marca. Esta pr\u00e1ctica, coherente con su pol\u00edtica de <strong>descarte cero<\/strong>, permiti\u00f3 mantener la calidez, el dise\u00f1o y la funcionalidad del espacio.<\/p>\n","protected":false},"excerpt":{"rendered":"<p>Arredo, la empresa l\u00edder en ropa para el hogar y objetos de decoraci\u00f3n contin\u00faa su plan de remodelaci\u00f3n y apertura de tiendas, y recientemente se [&hellip;]<\/p>\n","protected":false},"author":15,"featured_media":379,"comment_status":"open","ping_status":"open","sticky":false,"template":"","format":"standard","meta":{"footnotes":""},"categories":[6],"tags":[63,171,173,172],"class_list":["post-377","post","type-post","status-publish","format-standard","has-post-thumbnail","hentry","category-empresas","tag-63","tag-avellaneda","tag-novedades","tag-shopping"],"_links":{"self":[{"href":"https:\/\/pressroom.cqap.com.ar\/index.php\/wp-json\/wp\/v2\/posts\/377","targetHints":{"allow":["GET"]}}],"collection":[{"href":"https:\/\/pressroom.cqap.com.ar\/index.php\/wp-json\/wp\/v2\/posts"}],"about":[{"href":"https:\/\/pressroom.cqap.com.ar\/index.php\/wp-json\/wp\/v2\/types\/post"}],"author":[{"embeddable":true,"href":"https:\/\/pressroom.cqap.com.ar\/index.php\/wp-json\/wp\/v2\/users\/15"}],"replies":[{"embeddable":true,"href":"https:\/\/pressroom.cqap.com.ar\/index.php\/wp-json\/wp\/v2\/comments?post=377"}],"version-history":[{"count":1,"href":"https:\/\/pressroom.cqap.com.ar\/index.php\/wp-json\/wp\/v2\/posts\/377\/revisions"}],"predecessor-version":[{"id":378,"href":"https:\/\/pressroom.cqap.com.ar\/index.php\/wp-json\/wp\/v2\/posts\/377\/revisions\/378"}],"wp:featuredmedia":[{"embeddable":true,"href":"https:\/\/pressroom.cqap.com.ar\/index.php\/wp-json\/wp\/v2\/media\/379"}],"wp:attachment":[{"href":"https:\/\/pressroom.cqap.com.ar\/index.php\/wp-json\/wp\/v2\/media?parent=377"}],"wp:term":[{"taxonomy":"category","embeddable":true,"href":"https:\/\/pressroom.cqap.com.ar\/index.php\/wp-json\/wp\/v2\/categories?post=377"},{"taxonomy":"post_tag","embeddable":true,"href":"https:\/\/pressroom.cqap.com.ar\/index.php\/wp-json\/wp\/v2\/tags?post=377"}],"curies":[{"name":"wp","href":"https:\/\/api.w.org\/{rel}","templated":true}]}}