{"id":354,"date":"2025-05-18T17:23:20","date_gmt":"2025-05-18T20:23:20","guid":{"rendered":"https:\/\/pressroom.cqap.com.ar\/?p=354"},"modified":"2025-05-18T17:27:48","modified_gmt":"2025-05-18T20:27:48","slug":"tecnologia-circular-una-oportunidad-para-transformar-residuos-en-recursos-en-argentina","status":"publish","type":"post","link":"https:\/\/pressroom.cqap.com.ar\/index.php\/tecnologia-circular-una-oportunidad-para-transformar-residuos-en-recursos-en-argentina\/","title":{"rendered":"Tecnolog\u00eda Circular: una oportunidad para transformar residuos en recursos en Argentina"},"content":{"rendered":"\n<p class=\"has-text-align-center\"><em>Alberto Esswein invita a consumidores y empresarios a repensar activamente qu\u00e9 hacemos con nuestros dispositivos tecnol\u00f3gicos al final de su vida \u00fatil.<\/em><\/p>\n\n\n\n<blockquote class=\"wp-block-quote is-style-default is-layout-flow wp-block-quote-is-layout-flow\">\n\n\n\n\n<figure class=\"wp-block-image size-large\"><img loading=\"lazy\" decoding=\"async\" width=\"1024\" height=\"536\" src=\"https:\/\/pressroom.cqap.com.ar\/wp-content\/uploads\/2025\/05\/dia-del-reciclaje-2-1024x536.png\" alt=\"\" class=\"wp-image-359\" srcset=\"https:\/\/pressroom.cqap.com.ar\/wp-content\/uploads\/2025\/05\/dia-del-reciclaje-2-1024x536.png 1024w, https:\/\/pressroom.cqap.com.ar\/wp-content\/uploads\/2025\/05\/dia-del-reciclaje-2-300x157.png 300w, https:\/\/pressroom.cqap.com.ar\/wp-content\/uploads\/2025\/05\/dia-del-reciclaje-2-768x402.png 768w, https:\/\/pressroom.cqap.com.ar\/wp-content\/uploads\/2025\/05\/dia-del-reciclaje-2.png 1200w\" sizes=\"auto, (max-width: 1024px) 100vw, 1024px\" \/><\/figure>\n<\/blockquote>\n\n\n\n<p>La acelerada transformaci\u00f3n digital impulsa una r\u00e1pida obsolescencia de los dispositivos tecnol\u00f3gicos. Esto representa un desaf\u00edo ambiental y social significativo para Argentina. Seg\u00fan diversos informes y estudios recientes, <strong>el pa\u00eds genera aproximadamente entre 450.000 y 500.000 toneladas de Residuos de Aparatos El\u00e9ctricos y Electr\u00f3nicos (RAEE) anualmente<\/strong>, equivalente a entre 10 y 12 kilos por habitante (diversos estudios, 2020-2023). Este volumen nos posiciona como el <strong>tercer mayor generador de RAEE en Latinoam\u00e9rica.<\/strong><\/p>\n\n\n\n<p class=\"has-text-align-left\"><mark style=\"background-color:#ffffff\" class=\"has-inline-color has-black-color\">Lamentablemente, la contracara de esta generaci\u00f3n masiva es una recuperaci\u00f3n y reciclaje extremadamente bajos, estimados entre solo el 3% y 8%. La gran mayor\u00eda de estos desechos terminan en rellenos sanitarios o basurales a cielo abierto. <\/mark>Esto no solo representa una p\u00e9rdida de materiales valiosos, sino que tambi\u00e9n conlleva un grave problema ambiental: los RAEE contienen sustancias peligrosas como plomo, cadmio y cromo, cuya disposici\u00f3n inadecuada contamina el suelo y el agua.&nbsp;<\/p>\n\n\n\n<blockquote class=\"wp-block-quote is-layout-flow wp-block-quote-is-layout-flow\">\n<blockquote class=\"wp-block-quote is-style-default is-layout-flow wp-block-quote-is-layout-flow\">\n<p>\u00abDesde <a href=\"https:\/\/www.linkedin.com\/posts\/pcdiscount_argentina-uruguay-refurbished-activity-7329502211695185921-qCDQ?utm_source=share&amp;utm_medium=member_desktop&amp;rcm=ACoAAAXgEqAB6TkjSStfEz0Lq95pQcy9ACJyG_k\">Pc Discount<\/a>, vemos en cada equipo en desuso no un problema, sino una <mark style=\"background-color:#ffffff\" class=\"has-inline-color has-black-color\">oportunidad<\/mark> para recuperar materiales valiosos, reducir la huella ambiental y extender la vida \u00fatil de la tecnolog\u00eda a trav\u00e9s de modelos circulares\u00bb. <\/p>\n<\/blockquote>\n<\/blockquote>\n\n\n\n<p>Esta visi\u00f3n se alinea con la filosof\u00eda de las <strong>5 erres (Reducir, Reutilizar, Reparar, Reciclar y Recuperar)<\/strong>, que consideramos clave para revertir la tendencia lineal de \u00abusar y tirar\u00bb en Argentina.<\/p>\n\n\n\n<details class=\"wp-block-details is-layout-flow wp-block-details-is-layout-flow\"><summary>Adoptar las 5 erres implica un cambio de mirada:<\/summary>\n<h1 class=\"wp-block-heading\"><\/h1>\n<\/details>\n\n\n\n<ul class=\"wp-block-list\">\n<li><strong>Reducir<\/strong> el consumo innecesario.<\/li>\n\n\n\n<li><strong>Reutilizar<\/strong> equipos, d\u00e1ndoles una segunda vida.<\/li>\n\n\n\n<li><strong>Reparar<\/strong> para extender su uso.<\/li>\n\n\n\n<li><strong>Reciclar<\/strong> materiales de forma adecuada.<\/li>\n\n\n\n<li><strong>Recuperar<\/strong> componentes valiosos para reincorporarlos al ciclo productivo.<\/li>\n<\/ul>\n\n\n\n<blockquote class=\"wp-block-quote is-layout-flow wp-block-quote-is-layout-flow\">\n<p>\u00abEn Pc Discount, aplicamos concretamente la Econom\u00eda Circular. Mediante procesos de reacondicionamiento y puesta en valor, no solo extendemos la vida \u00fatil de los equipos tecnol\u00f3gicos, sino que recuperamos materiales valiosos. Esto reduce la demanda de nuevos recursos naturales y minimiza la generaci\u00f3n de residuos. El resultado es una tecnolog\u00eda de calidad accesible para empresas y consumidores, contribuyendo a una econom\u00eda m\u00e1s circular y justa. <\/p>\n\n\n\n<p>Creemos que la sostenibilidad se construye con decisiones cotidianas, informadas y responsables. <strong>El compromiso individual y colectivo con la Econom\u00eda Circular es esencial para construir un futuro m\u00e1s sostenible, justo e inclusivo para todos\u00bb.-<\/strong><\/p>\n<\/blockquote>\n\n\n\n<figure class=\"wp-block-gallery has-nested-images columns-default is-cropped wp-block-gallery-1 is-layout-flex wp-block-gallery-is-layout-flex\">\n<figure class=\"wp-block-image size-large\"><img loading=\"lazy\" decoding=\"async\" width=\"1024\" height=\"536\" data-id=\"359\" src=\"https:\/\/pressroom.cqap.com.ar\/wp-content\/uploads\/2025\/05\/dia-del-reciclaje-2-1024x536.png\" alt=\"\" class=\"wp-image-359\" srcset=\"https:\/\/pressroom.cqap.com.ar\/wp-content\/uploads\/2025\/05\/dia-del-reciclaje-2-1024x536.png 1024w, https:\/\/pressroom.cqap.com.ar\/wp-content\/uploads\/2025\/05\/dia-del-reciclaje-2-300x157.png 300w, https:\/\/pressroom.cqap.com.ar\/wp-content\/uploads\/2025\/05\/dia-del-reciclaje-2-768x402.png 768w, https:\/\/pressroom.cqap.com.ar\/wp-content\/uploads\/2025\/05\/dia-del-reciclaje-2.png 1200w\" sizes=\"auto, (max-width: 1024px) 100vw, 1024px\" \/><\/figure>\n<\/figure>\n\n\n","protected":false},"excerpt":{"rendered":"<p>Alberto Esswein invita a consumidores y empresarios a repensar activamente qu\u00e9 hacemos con nuestros dispositivos tecnol\u00f3gicos al final de su vida \u00fatil. La acelerada transformaci\u00f3n [&hellip;]<\/p>\n","protected":false},"author":13,"featured_media":0,"comment_status":"open","ping_status":"open","sticky":false,"template":"","format":"standard","meta":{"footnotes":""},"categories":[12,6,1,25],"tags":[161,157,156,158],"class_list":["post-354","post","type-post","status-publish","format-standard","hentry","category-medio_ambiente","category-empresas","category-sin-categoria","category-tecnologia","tag-negociosustentable","tag-pcdiscount","tag-refurbished","tag-savetheplanet"],"_links":{"self":[{"href":"https:\/\/pressroom.cqap.com.ar\/index.php\/wp-json\/wp\/v2\/posts\/354","targetHints":{"allow":["GET"]}}],"collection":[{"href":"https:\/\/pressroom.cqap.com.ar\/index.php\/wp-json\/wp\/v2\/posts"}],"about":[{"href":"https:\/\/pressroom.cqap.com.ar\/index.php\/wp-json\/wp\/v2\/types\/post"}],"author":[{"embeddable":true,"href":"https:\/\/pressroom.cqap.com.ar\/index.php\/wp-json\/wp\/v2\/users\/13"}],"replies":[{"embeddable":true,"href":"https:\/\/pressroom.cqap.com.ar\/index.php\/wp-json\/wp\/v2\/comments?post=354"}],"version-history":[{"count":7,"href":"https:\/\/pressroom.cqap.com.ar\/index.php\/wp-json\/wp\/v2\/posts\/354\/revisions"}],"predecessor-version":[{"id":364,"href":"https:\/\/pressroom.cqap.com.ar\/index.php\/wp-json\/wp\/v2\/posts\/354\/revisions\/364"}],"wp:attachment":[{"href":"https:\/\/pressroom.cqap.com.ar\/index.php\/wp-json\/wp\/v2\/media?parent=354"}],"wp:term":[{"taxonomy":"category","embeddable":true,"href":"https:\/\/pressroom.cqap.com.ar\/index.php\/wp-json\/wp\/v2\/categories?post=354"},{"taxonomy":"post_tag","embeddable":true,"href":"https:\/\/pressroom.cqap.com.ar\/index.php\/wp-json\/wp\/v2\/tags?post=354"}],"curies":[{"name":"wp","href":"https:\/\/api.w.org\/{rel}","templated":true}]}}