{"id":327,"date":"2025-04-23T09:55:53","date_gmt":"2025-04-23T12:55:53","guid":{"rendered":"https:\/\/pressroom.cqap.com.ar\/?p=327"},"modified":"2025-04-23T09:55:53","modified_gmt":"2025-04-23T12:55:53","slug":"residuo-textil-cero-el-hito-alcanzado-por-un-lider-de-la-industria","status":"publish","type":"post","link":"https:\/\/pressroom.cqap.com.ar\/index.php\/residuo-textil-cero-el-hito-alcanzado-por-un-lider-de-la-industria\/","title":{"rendered":"Residuo textil cero: el hito alcanzado por un l\u00edder de la industria"},"content":{"rendered":"\n<p>En una industria donde el descarte es parte del proceso productivo, Arredo decidi\u00f3 ir en otra direcci\u00f3n: convertir los residuos textiles en una oportunidad de transformaci\u00f3n. En el marco del D\u00eda Mundial de la Tierra y bajo su estrategia corporativa \u201c<strong>Hogares Conscientes<\/strong>\u201d, la marca alcanz\u00f3 un hito: logr\u00f3 reducir a cero el residuo textil que env\u00eda a vertedero, combinando innovaci\u00f3n, circularidad y dise\u00f1o con prop\u00f3sito.<\/p>\n\n\n\n<p>Hace m\u00e1s de dos a\u00f1os, Arredo emprendi\u00f3 un camino de investigaci\u00f3n y redise\u00f1o de sus procesos productivos en b\u00fasqueda de reciclar y reutilizar el principal residuo que genera: el orillo, una tira de tela que va de los 2 a los 6 cm y que se descarta durante el corte de los rollos.&nbsp;<\/p>\n\n\n\n<p>Para reducir el residuo textil, realiz\u00f3 varias acciones:<\/p>\n\n\n\n<ol class=\"wp-block-list\">\n<li>Optimiz\u00f3 el proceso de corte de tela, para reducir al m\u00ednimo el sobrante.<\/li>\n\n\n\n<li>Comenz\u00f3 a gestionar activamente sus residuos textiles: los clasifica por calidad, los compacta con una m\u00e1quina enfardadora recientemente adquirida, los codifica y almacena en un espacio exclusivo.<\/li>\n<\/ol>\n\n\n\n<p>Estas medidas permitieron dar vida a nuevos productos, como la <strong>Colecci\u00f3n Orillos<\/strong>, que incluy\u00f3 l\u00e1mparas, sillas, mesas y organizadores creados con esas tiras de tela, que obtuvo el Sello Buen dise\u00f1o.&nbsp;<\/p>\n\n\n\n<p>Tambi\u00e9n logr\u00f3 establecer sinergias con empresas locales, como Fibransur, para poder reciclar ese residuo textil y convertirlo en materia prima de nuevas telas y rellenos de acolchado. Tal es el caso de la <strong>Colecci\u00f3n Circular<\/strong>: una l\u00ednea de almohadones, tote bags, neceseres, manteles y cortinas de ba\u00f1o, fabricada con fibras recicladas y sin procesos de blanqueo ni te\u00f1ido.<\/p>\n\n\n\n<p><strong>Residuos que habitan los espacios<\/strong><\/p>\n\n\n\n<p>El enfoque circular tambi\u00e9n se traslada a los puntos de venta. En varias tiendas, las paredes est\u00e1n revestidas con <strong>placas<\/strong> fabricadas a partir de residuos textiles reciclados, en conjunto con la empresa Karikal. Como s\u00edmbolo de esta mirada sustentable, una instalaci\u00f3n art\u00edstica creada con orillos de tela se impone en la columna central del espacio de su tienda en Unicenter Shopping.&nbsp;<\/p>\n\n\n\n<p><strong>Donaciones con prop\u00f3sito<\/strong><\/p>\n\n\n\n<p>Otra forma de revalorizar el descarte es a trav\u00e9s de las alianzas con otros actores de la sociedad. Desde su programa \u201c<strong>Donaciones con sentido<\/strong>\u201d, Arredo entrega peri\u00f3dicamente retazos de tela a organizaciones que promueven la autonom\u00eda econ\u00f3mica de mujeres en situaci\u00f3n de vulnerabilidad a trav\u00e9s del oficio textil. As\u00ed, cada trozo de tela se convierte en mu\u00f1ecos, accesorios, prendas u objetos con impacto social. Algunas de las organizaciones que reciben estos materiales son <strong>Las Medias Perdidas, Mujeres Rurales de Las Flores, Casa de Galilea, Fundaci\u00f3n Formar y Abrazando en Red<\/strong>.<\/p>\n\n\n\n<p>\u201cEn un contexto en el cual la industria textil genera un alto impacto a nivel ambiental, decidimos crear valor a partir de lo que otros consideran residuo. Cada orillo que reutilizamos, cada tela donada, es una forma concreta de habitar el cambio. En Arredo creemos que es posible construir hogares m\u00e1s conscientes, donde el dise\u00f1o y la producci\u00f3n est\u00e9n al servicio de una vida m\u00e1s justa y sostenible\u201d, expres\u00f3 <strong>Fernanda Manuel<\/strong>, Gerenta de Sustentabilidad, Diversidad e Inclusi\u00f3n de la marca.&nbsp;<\/p>\n\n\n\n<p>Con esta iniciativa, Arredo demuestra que el residuo no es un final, sino el comienzo de algo nuevo. Una forma de dise\u00f1ar futuro, desde el presente. Mir\u00e1 este <a href=\"https:\/\/youtu.be\/j41f5XkVCII\">video<\/a> y conoc\u00e9 m\u00e1s.<\/p>\n","protected":false},"excerpt":{"rendered":"<p>En una industria donde el descarte es parte del proceso productivo, Arredo decidi\u00f3 ir en otra direcci\u00f3n: convertir los residuos textiles en una oportunidad de [&hellip;]<\/p>\n","protected":false},"author":15,"featured_media":329,"comment_status":"open","ping_status":"open","sticky":false,"template":"","format":"standard","meta":{"footnotes":""},"categories":[12,6],"tags":[63,54,137,136,104],"class_list":["post-327","post","type-post","status-publish","format-standard","has-post-thumbnail","hentry","category-medio_ambiente","category-empresas","tag-63","tag-arredo","tag-descartes","tag-dia-mundial-de-la-tierra","tag-sustentabilidad"],"_links":{"self":[{"href":"https:\/\/pressroom.cqap.com.ar\/index.php\/wp-json\/wp\/v2\/posts\/327","targetHints":{"allow":["GET"]}}],"collection":[{"href":"https:\/\/pressroom.cqap.com.ar\/index.php\/wp-json\/wp\/v2\/posts"}],"about":[{"href":"https:\/\/pressroom.cqap.com.ar\/index.php\/wp-json\/wp\/v2\/types\/post"}],"author":[{"embeddable":true,"href":"https:\/\/pressroom.cqap.com.ar\/index.php\/wp-json\/wp\/v2\/users\/15"}],"replies":[{"embeddable":true,"href":"https:\/\/pressroom.cqap.com.ar\/index.php\/wp-json\/wp\/v2\/comments?post=327"}],"version-history":[{"count":1,"href":"https:\/\/pressroom.cqap.com.ar\/index.php\/wp-json\/wp\/v2\/posts\/327\/revisions"}],"predecessor-version":[{"id":330,"href":"https:\/\/pressroom.cqap.com.ar\/index.php\/wp-json\/wp\/v2\/posts\/327\/revisions\/330"}],"wp:featuredmedia":[{"embeddable":true,"href":"https:\/\/pressroom.cqap.com.ar\/index.php\/wp-json\/wp\/v2\/media\/329"}],"wp:attachment":[{"href":"https:\/\/pressroom.cqap.com.ar\/index.php\/wp-json\/wp\/v2\/media?parent=327"}],"wp:term":[{"taxonomy":"category","embeddable":true,"href":"https:\/\/pressroom.cqap.com.ar\/index.php\/wp-json\/wp\/v2\/categories?post=327"},{"taxonomy":"post_tag","embeddable":true,"href":"https:\/\/pressroom.cqap.com.ar\/index.php\/wp-json\/wp\/v2\/tags?post=327"}],"curies":[{"name":"wp","href":"https:\/\/api.w.org\/{rel}","templated":true}]}}