{"id":316,"date":"2025-04-14T12:02:11","date_gmt":"2025-04-14T15:02:11","guid":{"rendered":"https:\/\/pressroom.cqap.com.ar\/?p=316"},"modified":"2025-04-14T12:02:11","modified_gmt":"2025-04-14T15:02:11","slug":"despegar-lanza-la-18a-edicion-de-su-exitoso-programa-de-formacion-jovenes-de-alto-vuelo","status":"publish","type":"post","link":"https:\/\/pressroom.cqap.com.ar\/index.php\/despegar-lanza-la-18a-edicion-de-su-exitoso-programa-de-formacion-jovenes-de-alto-vuelo\/","title":{"rendered":"Despegar lanza la 18\u00aa edici\u00f3n de su exitoso programa de formaci\u00f3n\u00a0 \u00abJ\u00f3venes de Alto Vuelo\u00bb"},"content":{"rendered":"\n<p><em>La convocatoria para el programa de formaci\u00f3n de talentos inicia el 28 de abril y <\/em><em><br><\/em><em>finaliza el 6 de mayo. <\/em><a href=\"https:\/\/landing.alkemy.org\/jav18-despegar\"><em>Requisitos y c\u00f3mo aplicar<\/em><\/a><em>.<\/em><\/p>\n\n\n\n<p>Despegar, la empresa de viajes l\u00edder de Latinoam\u00e9rica, anuncia la apertura de inscripciones para la 18\u00aa edici\u00f3n de su programa de formaci\u00f3n en tecnolog\u00edas de desarrollo web, <strong>\u00abJ\u00f3venes de Alto Vuelo\u00bb (JAV)<\/strong>. Desde su inicio hace m\u00e1s de 12 a\u00f1os, JAV ha sido un pilar fundamental en la capacitaci\u00f3n de metodolog\u00edas, herramientas y lenguajes de programaci\u00f3n, y este a\u00f1o no es la excepci\u00f3n. La convocatoria para esta nueva edici\u00f3n comienza el 28 de abril y estar\u00e1 disponible hasta el 6 de mayo.<\/p>\n\n\n\n<p>\u201cCon un<strong> r\u00e9cord de 16.300 inscriptos en el a\u00f1o 2023<\/strong>, y marcando un aumento significativo desde los 1.500 inscriptos en 2021, J\u00f3venes de Alto Vuelo es un programa que refuerza nuestro objetivo de ser escuela de formaci\u00f3n. Esperamos una gran convocatoria para esta edici\u00f3n y estamos comprometidos en preparar a los nuevos talentos con todas las herramientas necesarias para su desarrollo profesional en el \u00e1rea de IT\u201d, comenta <strong><em>Mariano Cifre, VP de Ingenier\u00eda de Despegar<\/em><\/strong>.<\/p>\n\n\n\n<p>Desde el lanzamiento de la iniciativa en 2013, un total de 366 talentos han pasado por la \u00abescuelita\u00bb de JAV, convirti\u00e9ndose en empleados de Despegar desde el d\u00eda en que ingresaron al programa. <strong>Kevin Thienemann, <\/strong><strong>VP de Ingenier\u00eda de Despegar<\/strong>, resalt\u00f3<strong> <\/strong>el valor del proyecto para los equipos de desarrollo de software.<em> <\/em>\u201c<em>Actualmente, <\/em><strong><em>el 45% de nuestros desarrolladores han salido de este programa<\/em><\/strong><em>\u201c, c<\/em>oment\u00f3. \u201c<em>Quienes brindan las diferentes capacitaciones son profesionales que en muchos casos han sido alumnos de este programa en sus inicios. y muchos de ellos hoy <\/em><strong><em>ya ocupan roles de <\/em><\/strong><strong><em>Manager y Sr Manager<\/em><\/strong><em>\u201d<\/em>, agreg\u00f3 Thienemann.<\/p>\n\n\n\n<p>Este a\u00f1o, los requisitos para participar son: ser mayor de 18 a\u00f1os, residir en CABA, Gran Buenos Aires o La Plata (Argentina), tener conocimientos b\u00e1sicos de desarrollo, programaci\u00f3n y POO, y contar con estudios secundarios completos. Quienes quieran inscribirse, deber\u00e1n hacerlo a trav\u00e9s de este <a href=\"https:\/\/landing.alkemy.org\/jav18-despegar\">link<\/a>, a partir del 28 de abril.<\/p>\n\n\n\n<p>El programa comenzar\u00e1 en agosto y tendr\u00e1 una duraci\u00f3n de tres meses. Durante este tiempo, los colaboradores recibir\u00e1n formaci\u00f3n intensiva en desarrollo Backend utilizando Java, crear\u00e1n su propia app para abordar desaf\u00edos espec\u00edficos de la industria del turismo, y aprender\u00e1n sobre la producci\u00f3n, herramientas y tecnolog\u00edas de desarrollo de Software. Luego del entrenamiento, las personas que participen ser\u00e1n asignadas a un proyecto de los equipos de desarrollo de Despegar, donde podr\u00e1n aplicar todos estos conocimientos adquiridos y continuar su carrera profesional en el Equipo de Despegar.<\/p>\n\n\n\n<p>Por su parte, <strong>Lucio Loiacono, responsable de IT University de Despegar<\/strong>, resalt\u00f3<strong> <\/strong>el valor acad\u00e9mico del proyecto.<em> \u201cEstamos convencidos de que el programa es una carrera en s\u00ed misma, ya que quienes brindan las capacitaciones son profesionales con varios a\u00f1os de experiencia en IT y con gran inter\u00e9s en preparar a los j\u00f3venes con todo lo necesario para su desarrollo profesional\u201c<\/em>, coment\u00f3. <em>\u201cLo que le pedimos a los participantes es que tengan compromiso, muchas ganas de aprender y de crecer profesionalmente\u201c,<\/em> agreg\u00f3 Loiacono.<\/p>\n\n\n\n<p>La convocatoria para la 18\u00aa edici\u00f3n se suma a otras iniciativas de formaci\u00f3n de Despegar, como UX Boarding Pass, reafirmando el compromiso de la compa\u00f1\u00eda de ser una escuela de formaci\u00f3n para el mejor talento del mercado. <strong><em>\u00abSi te apasiona la tecnolog\u00eda y quer\u00e9s aprender de expertos, \u00a1esta es tu oportunidad!<\/em><\/strong><em>\u00ab<\/em>, invita Cifre.<\/p>\n\n\n\n<p><\/p>\n","protected":false},"excerpt":{"rendered":"<p>La convocatoria para el programa de formaci\u00f3n de talentos inicia el 28 de abril y finaliza el 6 de mayo. Requisitos y c\u00f3mo aplicar. Despegar, [&hellip;]<\/p>\n","protected":false},"author":16,"featured_media":317,"comment_status":"open","ping_status":"open","sticky":false,"template":"","format":"standard","meta":{"footnotes":""},"categories":[15],"tags":[35,131,21,20],"class_list":["post-316","post","type-post","status-publish","format-standard","has-post-thumbnail","hentry","category-turismo","tag-despegar","tag-jav2025","tag-turismo","tag-viajes"],"_links":{"self":[{"href":"https:\/\/pressroom.cqap.com.ar\/index.php\/wp-json\/wp\/v2\/posts\/316","targetHints":{"allow":["GET"]}}],"collection":[{"href":"https:\/\/pressroom.cqap.com.ar\/index.php\/wp-json\/wp\/v2\/posts"}],"about":[{"href":"https:\/\/pressroom.cqap.com.ar\/index.php\/wp-json\/wp\/v2\/types\/post"}],"author":[{"embeddable":true,"href":"https:\/\/pressroom.cqap.com.ar\/index.php\/wp-json\/wp\/v2\/users\/16"}],"replies":[{"embeddable":true,"href":"https:\/\/pressroom.cqap.com.ar\/index.php\/wp-json\/wp\/v2\/comments?post=316"}],"version-history":[{"count":1,"href":"https:\/\/pressroom.cqap.com.ar\/index.php\/wp-json\/wp\/v2\/posts\/316\/revisions"}],"predecessor-version":[{"id":318,"href":"https:\/\/pressroom.cqap.com.ar\/index.php\/wp-json\/wp\/v2\/posts\/316\/revisions\/318"}],"wp:featuredmedia":[{"embeddable":true,"href":"https:\/\/pressroom.cqap.com.ar\/index.php\/wp-json\/wp\/v2\/media\/317"}],"wp:attachment":[{"href":"https:\/\/pressroom.cqap.com.ar\/index.php\/wp-json\/wp\/v2\/media?parent=316"}],"wp:term":[{"taxonomy":"category","embeddable":true,"href":"https:\/\/pressroom.cqap.com.ar\/index.php\/wp-json\/wp\/v2\/categories?post=316"},{"taxonomy":"post_tag","embeddable":true,"href":"https:\/\/pressroom.cqap.com.ar\/index.php\/wp-json\/wp\/v2\/tags?post=316"}],"curies":[{"name":"wp","href":"https:\/\/api.w.org\/{rel}","templated":true}]}}