{"id":159,"date":"2025-02-28T17:24:22","date_gmt":"2025-02-28T20:24:22","guid":{"rendered":"https:\/\/pressroom.cqap.com.ar\/?p=159"},"modified":"2025-02-28T17:32:52","modified_gmt":"2025-02-28T20:32:52","slug":"lanzamiento-de-la-segunda-beca-vivanco-vivanco-para-abogados","status":"publish","type":"post","link":"https:\/\/pressroom.cqap.com.ar\/index.php\/lanzamiento-de-la-segunda-beca-vivanco-vivanco-para-abogados\/","title":{"rendered":"Lanzamiento de la segunda Beca Vivanco &amp; Vivanco para abogados"},"content":{"rendered":"\n<h2 class=\"wp-block-heading\"><em>La Fundaci\u00f3n Vivanco y Fulbright lanzaron una beca para abogados argentinos que deseen cursar un LL.M. en la Universidad de Miami, con selecci\u00f3n federal y cobertura total de matr\u00edcula.<\/em><br><\/h2>\n\n\n\n<p>La Fundaci\u00f3n Vivanco, en conjunto con la Comisi\u00f3n Fulbright, anunci\u00f3 la apertura de la convocatoria para la Beca Vivanco &amp; Vivanco, una oportunidad \u00fanica para j\u00f3venes abogados argentinos que aspiren a realizar una Maestr\u00eda en Derecho (LL.M.) en la Universidad de Miami. &nbsp;<\/p>\n\n\n\n<p>El anuncio se realiz\u00f3 en una conferencia de prensa que cont\u00f3 con la presencia de Andr\u00e9s Echevarr\u00eda, socio del estudio Vivanco &amp; Vivanco, y los directores de la Comisi\u00f3n Fulbright Argentina. Durante el evento, los representantes subrayaron la importancia de brindar acceso a formaci\u00f3n de excelencia en el \u00e1mbito jur\u00eddico y remarcaron el compromiso de ambas instituciones con el desarrollo profesional de los abogados argentinos. &nbsp;<\/p>\n\n\n\n<figure class=\"wp-block-image size-full\"><img loading=\"lazy\" decoding=\"async\" width=\"800\" height=\"600\" src=\"https:\/\/pressroom.cqap.com.ar\/wp-content\/uploads\/2025\/02\/newsVivanco1.jpg\" alt=\"\" class=\"wp-image-160\" srcset=\"https:\/\/pressroom.cqap.com.ar\/wp-content\/uploads\/2025\/02\/newsVivanco1.jpg 800w, https:\/\/pressroom.cqap.com.ar\/wp-content\/uploads\/2025\/02\/newsVivanco1-300x225.jpg 300w, https:\/\/pressroom.cqap.com.ar\/wp-content\/uploads\/2025\/02\/newsVivanco1-768x576.jpg 768w\" sizes=\"auto, (max-width: 800px) 100vw, 800px\" \/><\/figure>\n\n\n\n<p>La beca cubrir\u00e1 el 100% de la matr\u00edcula y los aranceles universitarios, adem\u00e1s de ofrecer un apoyo parcial para manutenci\u00f3n durante el per\u00edodo de estudio en Estados Unidos. Sin embargo, los beneficiarios deber\u00e1n asumir otros costos, como pasajes a\u00e9reos, seguro de salud, visa, y ex\u00e1menes internacionales. &nbsp;<\/p>\n\n\n\n<p>Para postularse, los aspirantes deben contar con un t\u00edtulo de abogado de una universidad argentina y un anal\u00edtico con promedio m\u00ednimo de 7. Asimismo, es requisito contar con un nivel avanzado de ingl\u00e9s, acreditado mediante pruebas estandarizadas como el TOEFL o el IELTS. &nbsp;<\/p>\n\n\n\n<p>Una de las caracter\u00edsticas destacadas de esta convocatoria es su metodolog\u00eda de selecci\u00f3n, dise\u00f1ada para abarcar todo el pa\u00eds y garantizar igualdad de oportunidades a postulantes de cualquier regi\u00f3n, incluso las m\u00e1s alejadas de los principales centros urbanos. &nbsp;<\/p>\n\n\n\n<p>El proceso inicia con una preselecci\u00f3n realizada por el equipo de la Comisi\u00f3n Fulbright y evaluadores externos, quienes analizar\u00e1n los antecedentes acad\u00e9micos y profesionales de cada postulante. Luego, los candidatos m\u00e1s destacados ser\u00e1n convocados a entrevistas, que ser\u00e1n llevadas a cabo por un comit\u00e9 conformado por representantes de Fulbright, la Fundaci\u00f3n Vivanco y reconocidos profesionales del derecho. &nbsp;<\/p>\n\n\n\n<p>Estas entrevistas, de car\u00e1cter obligatorio, se realizar\u00e1n en fechas y horarios previamente establecidos, asegurando que postulantes de todas las provincias puedan participar sin dificultades. &nbsp;<\/p>\n\n\n\n<figure class=\"wp-block-image size-large\"><img loading=\"lazy\" decoding=\"async\" width=\"768\" height=\"1024\" src=\"https:\/\/pressroom.cqap.com.ar\/wp-content\/uploads\/2025\/02\/newsVivanco3-768x1024.jpg\" alt=\"\" class=\"wp-image-162\" srcset=\"https:\/\/pressroom.cqap.com.ar\/wp-content\/uploads\/2025\/02\/newsVivanco3-768x1024.jpg 768w, https:\/\/pressroom.cqap.com.ar\/wp-content\/uploads\/2025\/02\/newsVivanco3-225x300.jpg 225w, https:\/\/pressroom.cqap.com.ar\/wp-content\/uploads\/2025\/02\/newsVivanco3.jpg 800w\" sizes=\"auto, (max-width: 768px) 100vw, 768px\" \/><\/figure>\n\n\n\n<p>La convocatoria estar\u00e1 abierta desde el 3 de Febrero hasta el 11 de Marzo de 2025. Las entrevistas se llevar\u00e1n a cabo la semana del 17 de Marzo.&nbsp;<\/p>\n\n\n\n<p>Una vez seleccionado, el beneficiario deber\u00e1 gestionar su admisi\u00f3n en la Universidad de Miami antes de iniciar la maestr\u00eda. &nbsp;<\/p>\n\n\n\n<p>Para m\u00e1s informaci\u00f3n sobre requisitos y proceso de postulaci\u00f3n, los interesados pueden acceder al sitio web oficial de la Comisi\u00f3n Fulbright Argentina:<\/p>\n\n\n\n<p><a href=\"https:\/\/fulbright.edu.ar\/course\/beca-fundacion-vivanco-vivanco\/\">https:\/\/fulbright.edu.ar\/course\/beca-fundacion-vivanco-vivanco\/<\/a><\/p>\n\n\n\n<hr>\n","protected":false},"excerpt":{"rendered":"<p>La Fundaci\u00f3n Vivanco y Fulbright lanzaron una beca para abogados argentinos que deseen cursar un LL.M. en la Universidad de Miami, con selecci\u00f3n federal y [&hellip;]<\/p>\n","protected":false},"author":3,"featured_media":161,"comment_status":"open","ping_status":"open","sticky":false,"template":"","format":"standard","meta":{"footnotes":""},"categories":[6],"tags":[42,46,45,44,49,51,43,50,47],"class_list":["post-159","post","type-post","status-publish","format-standard","has-post-thumbnail","hentry","category-empresas","tag-derecho","tag-fullbright","tag-ll-m","tag-master","tag-miami","tag-postgrado","tag-universidad","tag-universidad-de-miami","tag-vivanco-vivanco"],"_links":{"self":[{"href":"https:\/\/pressroom.cqap.com.ar\/index.php\/wp-json\/wp\/v2\/posts\/159","targetHints":{"allow":["GET"]}}],"collection":[{"href":"https:\/\/pressroom.cqap.com.ar\/index.php\/wp-json\/wp\/v2\/posts"}],"about":[{"href":"https:\/\/pressroom.cqap.com.ar\/index.php\/wp-json\/wp\/v2\/types\/post"}],"author":[{"embeddable":true,"href":"https:\/\/pressroom.cqap.com.ar\/index.php\/wp-json\/wp\/v2\/users\/3"}],"replies":[{"embeddable":true,"href":"https:\/\/pressroom.cqap.com.ar\/index.php\/wp-json\/wp\/v2\/comments?post=159"}],"version-history":[{"count":3,"href":"https:\/\/pressroom.cqap.com.ar\/index.php\/wp-json\/wp\/v2\/posts\/159\/revisions"}],"predecessor-version":[{"id":167,"href":"https:\/\/pressroom.cqap.com.ar\/index.php\/wp-json\/wp\/v2\/posts\/159\/revisions\/167"}],"wp:featuredmedia":[{"embeddable":true,"href":"https:\/\/pressroom.cqap.com.ar\/index.php\/wp-json\/wp\/v2\/media\/161"}],"wp:attachment":[{"href":"https:\/\/pressroom.cqap.com.ar\/index.php\/wp-json\/wp\/v2\/media?parent=159"}],"wp:term":[{"taxonomy":"category","embeddable":true,"href":"https:\/\/pressroom.cqap.com.ar\/index.php\/wp-json\/wp\/v2\/categories?post=159"},{"taxonomy":"post_tag","embeddable":true,"href":"https:\/\/pressroom.cqap.com.ar\/index.php\/wp-json\/wp\/v2\/tags?post=159"}],"curies":[{"name":"wp","href":"https:\/\/api.w.org\/{rel}","templated":true}]}}