{"id":1191,"date":"2026-08-31T19:50:01","date_gmt":"2026-08-31T22:50:01","guid":{"rendered":"https:\/\/pressroom.cqap.com.ar\/?p=1191"},"modified":"2026-08-31T19:57:04","modified_gmt":"2026-08-31T22:57:04","slug":"loma-negra-suma-280-arboles-en-el-mirador-de-sucantera-lamali-a-traves-de-un-programa-con-unaescuela-agraria-de-olavarria","status":"publish","type":"post","link":"https:\/\/pressroom.cqap.com.ar\/index.php\/loma-negra-suma-280-arboles-en-el-mirador-de-sucantera-lamali-a-traves-de-un-programa-con-unaescuela-agraria-de-olavarria\/","title":{"rendered":"Loma Negra suma 280 \u00e1rboles en el mirador de su cantera  L\u2019Amal\u00ed, a trav\u00e9s de un programa con una escuela agraria de Olavarr\u00eda"},"content":{"rendered":"\n<p class=\"has-text-align-left has-regular-font-size wp-block-paragraph\">OLAVARR\u00cdA, BUENOS AIRES, AGOSTO DE 2026.- Loma Negra, que celebr\u00f3 en estos d\u00edas 100 a\u00f1os, incorpor\u00f3 este jueves 280 ejemplares de Aguaribay, Casuarinas, Eucaliptus Rastra y frutales para el nuevo mirador de Cantera La Pampita en Planta             L\u00b4Amal\u00ed. La iniciativa forma parte del proyecto \u201cUnidad de Remediaci\u00f3n Forestal\u201d desarrollado junto con la Escuela Agraria N\u00b01 de Olavarr\u00eda, en el marco de los objetivos de sostenibilidad 2030 de la compa\u00f1\u00eda. <\/p>\n\n\n\n<p class=\"wp-block-paragraph\">La Unidad de Remediaci\u00f3n Forestal de la Escuela Agraria N\u00b01 de Olavarr\u00eda es parte de los proyectos que la Fundaci\u00f3n Loma Negra, que cumpli\u00f3 hace poco sus 20 a\u00f1os, impulsa a trav\u00e9s de su Programa Ra\u00edces, que promueve el emprededurismo de triple impacto, con una mirada social que genera la inclusi\u00f3n de los j\u00f3venes alumnos a un proceso de producci\u00f3n desde lo pedag\u00f3gico.<\/p>\n\n\n\n<p class=\"wp-block-paragraph\">Se organiz\u00f3 una jornada de voluntariado para la plantaci\u00f3n de los 280 \u00e1rboles en donde participaron alumnos y docentes adem\u00e1s de un grupo de jubilados de la empresa. Esta actividad se enmarca dentro del programa de remediaci\u00f3n anual de la planta.<\/p>\n\n\n\n<p class=\"wp-block-paragraph\">La Unidad, que incorpor\u00f3 un nuevo invernadero, equipo de riego, mesas de trabajo y semillas y que cuenta en la actualidad con 1500 plantas en crecimiento para su venta, permite que lo aprendido pueda nutrir la formaci\u00f3n como T\u00e9cnicos Agrarios de sus participantes. Asimismo, genera impacto ambiental positivo mediante la reforestaci\u00f3n de especies y aporta valor econ\u00f3mico mediante la venta de lo producido.<\/p>\n\n\n\n<p class=\"has-text-align-left has-regular-font-size wp-block-paragraph\">Del proyecto, participan colaboradores de Loma Negra, la Jefatura Regional y Distrital de Educaci\u00f3n, el Municipio de Olavarr\u00eda, el equipo directivo de la instituci\u00f3n y miembros de la Cooperadora Escolar.<\/p>\n\n\n\n<figure class=\"wp-block-image alignwide size-large\"><img loading=\"lazy\" decoding=\"async\" width=\"768\" height=\"1024\" src=\"https:\/\/pressroom.cqap.com.ar\/wp-content\/uploads\/2026\/08\/foto-2-768x1024-1.jpeg\" alt=\"\" class=\"wp-image-1199\" srcset=\"https:\/\/pressroom.cqap.com.ar\/wp-content\/uploads\/2026\/08\/foto-2-768x1024-1.jpeg 768w, https:\/\/pressroom.cqap.com.ar\/wp-content\/uploads\/2026\/08\/foto-2-225x300.jpeg 225w, https:\/\/pressroom.cqap.com.ar\/wp-content\/uploads\/2026\/08\/foto-2.jpeg 960w\" sizes=\"auto, (max-width: 768px) 100vw, 768px\" \/><\/figure>\n\n\n\n<p class=\"has-regular-font-size wp-block-paragraph\"><\/p>\n\n\n\n<p class=\"wp-block-paragraph\"><\/p>\n","protected":false},"excerpt":{"rendered":"<p>OLAVARR\u00cdA, BUENOS AIRES, AGOSTO DE 2026.- Loma Negra, que celebr\u00f3 en estos d\u00edas 100 a\u00f1os, incorpor\u00f3 este jueves 280 ejemplares de Aguaribay, Casuarinas, Eucaliptus Rastra [&hellip;]<\/p>\n","protected":false},"author":1541,"featured_media":1192,"comment_status":"open","ping_status":"","sticky":false,"template":"","format":"standard","meta":{"footnotes":"","_members_access_role":[],"_members_access_error":""},"categories":[12],"tags":[],"class_list":["post-1191","post","type-post","status-publish","format-standard","has-post-thumbnail","hentry","category-medio_ambiente"],"_links":{"self":[{"href":"https:\/\/pressroom.cqap.com.ar\/index.php\/wp-json\/wp\/v2\/posts\/1191","targetHints":{"allow":["GET"]}}],"collection":[{"href":"https:\/\/pressroom.cqap.com.ar\/index.php\/wp-json\/wp\/v2\/posts"}],"about":[{"href":"https:\/\/pressroom.cqap.com.ar\/index.php\/wp-json\/wp\/v2\/types\/post"}],"author":[{"embeddable":true,"href":"https:\/\/pressroom.cqap.com.ar\/index.php\/wp-json\/wp\/v2\/users\/1541"}],"replies":[{"embeddable":true,"href":"https:\/\/pressroom.cqap.com.ar\/index.php\/wp-json\/wp\/v2\/comments?post=1191"}],"version-history":[{"count":15,"href":"https:\/\/pressroom.cqap.com.ar\/index.php\/wp-json\/wp\/v2\/posts\/1191\/revisions"}],"predecessor-version":[{"id":1212,"href":"https:\/\/pressroom.cqap.com.ar\/index.php\/wp-json\/wp\/v2\/posts\/1191\/revisions\/1212"}],"wp:featuredmedia":[{"embeddable":true,"href":"https:\/\/pressroom.cqap.com.ar\/index.php\/wp-json\/wp\/v2\/media\/1192"}],"wp:attachment":[{"href":"https:\/\/pressroom.cqap.com.ar\/index.php\/wp-json\/wp\/v2\/media?parent=1191"}],"wp:term":[{"taxonomy":"category","embeddable":true,"href":"https:\/\/pressroom.cqap.com.ar\/index.php\/wp-json\/wp\/v2\/categories?post=1191"},{"taxonomy":"post_tag","embeddable":true,"href":"https:\/\/pressroom.cqap.com.ar\/index.php\/wp-json\/wp\/v2\/tags?post=1191"}],"curies":[{"name":"wp","href":"https:\/\/api.w.org\/{rel}","templated":true}]}}